{"id":8361,"date":"2021-10-22T18:13:15","date_gmt":"2021-10-22T16:13:15","guid":{"rendered":"https:\/\/meier-gerdingh.de\/wp-spd-ob\/?p=8361"},"modified":"2021-10-24T18:27:11","modified_gmt":"2021-10-24T16:27:11","slug":"spd-verlangt-informationen-zum-hochwasserschutz","status":"publish","type":"post","link":"https:\/\/meier-gerdingh.de\/wp-spd-ob\/2021\/10\/22\/spd-verlangt-informationen-zum-hochwasserschutz\/","title":{"rendered":"SPD verlangt Informationen zum Hochwasserschutz"},"content":{"rendered":"<div id=\"attachment_5396\" style=\"width: 190px\" class=\"wp-caption alignleft\"><a href=\"https:\/\/meier-gerdingh.de\/wp-spd-ob\/wp-content\/uploads\/2018\/07\/14_flore_manfred_1000.jpg\"><img aria-describedby=\"caption-attachment-5396\" decoding=\"async\" class=\"size-full wp-image-5396\" src=\"https:\/\/meier-gerdingh.de\/wp-spd-ob\/wp-content\/uploads\/2018\/07\/14_flore_manfred.jpg\" alt=\"\" width=\"180\" height=\"180\" srcset=\"https:\/\/meier-gerdingh.de\/wp-spd-ob\/wp-content\/uploads\/2018\/07\/14_flore_manfred.jpg 180w, https:\/\/meier-gerdingh.de\/wp-spd-ob\/wp-content\/uploads\/2018\/07\/14_flore_manfred-150x150.jpg 150w\" sizes=\"(max-width: 180px) 100vw, 180px\" \/><\/a><p id=\"caption-attachment-5396\" class=\"wp-caption-text\">Manfred Flore ist umweltpolitischer Sprecher der SPD-Ratsfraktion und B\u00fcrgermeister der Stadt Oberhausen<\/p><\/div>\n<p>Die kritische Hochwassersituation im vergangenen Juli wird von der Politik noch einmal aufgearbeitet. Die SPD-Fraktion hat beantragt, von der Verwaltung \u00fcber laufende Planungen zum Hochwasserschutz informiert zu werden. Der Bericht soll so weit wie m\u00f6glich alle planerischen, organisatorischen und baulichen Aspekte erfassen.<\/p>\n<p>&#8222;Auch wenn sich die Lage bei uns bei Weitem nicht so katastrophal dargestellt hat wie etwa im Ahrtal, so hat sich doch gezeigt, dass wir beim Hochwasserschutz nachlegen m\u00fcssen&#8220;, erkl\u00e4rt der umweltpolitische Sprecher der SPD-Fraktion, Manfred Flore. &#8222;Es ist noch nicht im allgemeinen Bewusstsein angekommen, dass wir beim letzten Hochwasser auch recht viel Gl\u00fcck hatten&#8220;, so Flore.<!--more--><\/p>\n<p>Aufgrund des Klimawandels sei in Zukunft zunehmend mit Starkregenereignissen zu rechnen. &#8222;Die Emschergenossenschaft zum Beispiel pr\u00fcft derzeit am Unterlauf der Emscher hier in Oberhausen, ob die Deichh\u00f6hen ausreichend sind&#8220;, erl\u00e4utert der umweltpolitische Sprecher der SPD.<\/p>\n","protected":false},"excerpt":{"rendered":"<p>Die kritische Hochwassersituation im vergangenen Juli wird von der Politik noch einmal aufgearbeitet. Die SPD-Fraktion hat beantragt, von der Verwaltung \u00fcber laufende Planungen zum Hochwasserschutz informiert zu werden. Der Bericht&hellip; <\/p>\n","protected":false},"author":1,"featured_media":0,"comment_status":"closed","ping_status":"closed","sticky":false,"template":"","format":"standard","meta":{"footnotes":""},"categories":[29],"tags":[767,103,2999,3000,484,771,3001],"quellen":[326],"class_list":["post-8361","post","type-post","status-publish","format-standard","hentry","category-umwelt","tag-emscher","tag-emschergenossenschaft","tag-hochwasser","tag-hochwasserschutz","tag-klimaschutz","tag-klimawandel","tag-starkregenereignisse","quellen-spd-fraktion-oberhausen"],"_links":{"self":[{"href":"https:\/\/meier-gerdingh.de\/wp-spd-ob\/wp-json\/wp\/v2\/posts\/8361","targetHints":{"allow":["GET"]}}],"collection":[{"href":"https:\/\/meier-gerdingh.de\/wp-spd-ob\/wp-json\/wp\/v2\/posts"}],"about":[{"href":"https:\/\/meier-gerdingh.de\/wp-spd-ob\/wp-json\/wp\/v2\/types\/post"}],"author":[{"embeddable":true,"href":"https:\/\/meier-gerdingh.de\/wp-spd-ob\/wp-json\/wp\/v2\/users\/1"}],"replies":[{"embeddable":true,"href":"https:\/\/meier-gerdingh.de\/wp-spd-ob\/wp-json\/wp\/v2\/comments?post=8361"}],"version-history":[{"count":0,"href":"https:\/\/meier-gerdingh.de\/wp-spd-ob\/wp-json\/wp\/v2\/posts\/8361\/revisions"}],"wp:attachment":[{"href":"https:\/\/meier-gerdingh.de\/wp-spd-ob\/wp-json\/wp\/v2\/media?parent=8361"}],"wp:term":[{"taxonomy":"category","embeddable":true,"href":"https:\/\/meier-gerdingh.de\/wp-spd-ob\/wp-json\/wp\/v2\/categories?post=8361"},{"taxonomy":"post_tag","embeddable":true,"href":"https:\/\/meier-gerdingh.de\/wp-spd-ob\/wp-json\/wp\/v2\/tags?post=8361"},{"taxonomy":"quellen","embeddable":true,"href":"https:\/\/meier-gerdingh.de\/wp-spd-ob\/wp-json\/wp\/v2\/quellen?post=8361"}],"curies":[{"name":"wp","href":"https:\/\/api.w.org\/{rel}","templated":true}]}}