{"id":8362,"date":"2021-10-26T20:07:14","date_gmt":"2021-10-26T18:07:14","guid":{"rendered":"https:\/\/meier-gerdingh.de\/wp-spd-ob\/?p=8362"},"modified":"2021-10-26T20:07:14","modified_gmt":"2021-10-26T18:07:14","slug":"programm-fuer-den-sozialen-und-wirtschaftlichen-neustart-von-nrw","status":"publish","type":"post","link":"https:\/\/meier-gerdingh.de\/wp-spd-ob\/2021\/10\/26\/programm-fuer-den-sozialen-und-wirtschaftlichen-neustart-von-nrw\/","title":{"rendered":"Programm f\u00fcr den sozialen und wirtschaftlichen Neustart von NRW"},"content":{"rendered":"<div id=\"attachment_4242\" style=\"width: 150px\" class=\"wp-caption alignleft\"><a href=\"https:\/\/meier-gerdingh.de\/wp-spd-ob\/wp-content\/uploads\/2017\/05\/zimkeit_stefan_17.jpg\"><img aria-describedby=\"caption-attachment-4242\" decoding=\"async\" class=\"size-full wp-image-4242\" src=\"https:\/\/meier-gerdingh.de\/wp-spd-ob\/wp-content\/uploads\/2017\/05\/zimkeit_stefan_17.jpg\" alt=\"\" width=\"140\" height=\"192\" \/><\/a><p id=\"caption-attachment-4242\" class=\"wp-caption-text\">Stefan Zimkeit ist Landtagsabgeordneter f\u00fcr Oberhausen-Sterkrade und Dinslaken sowie haushalts- und finanzpolitischer Sprecher der SPD-Landtagsfraktion<\/p><\/div>\n<p><em>Stefan Zimkeit hat in den Landtag den Antrag eingebracht, ein Zehn-Milliarden-Euro Programm f\u00fcr den wirtschaftlichen und sozialen Neustart von NRW aufzulegen.<\/em><\/p>\n<p>&#8222;Die Pandemie hat erhebliche Auswirkungen, weil sie die soziale Spaltung verst\u00e4rkt. Das merken wir auch bei uns in Oberhausen.&#8220; Stefan Zimkeit hat in den letzten Wochen unter anderen mit den Oberhausener Wohlfahrtverb\u00e4nden, mit Vereinen und Kulturschaffenden gesprochen, um herauszufinden, wo Hilfen weiterhin notwendig sind. &#8222;Denn die Coronakrise ist in vielen Bereichen der Gesellschaft und der Wirtschaft noch nicht vorbei&#8220;, betont der finanzpolitische Sprecher der SPD-Landtagsfraktion.<!--more--><\/p>\n<p>Im Kampf gegen die soziale Spaltung muss laut Zimkeit die St\u00e4rkung der aufsuchenden sozialen Arbeit im Mittelpunkt stehen. &#8222;Alle Wohlfahrtsverb\u00e4nde haben mir geschildert, dass sich sehr viele Menschen w\u00e4hrend der Pandemie zur\u00fcckgezogen haben und sich die Einsamkeit verst\u00e4rkt hat.&#8220; Das bedeute neue Herausforderungen f\u00fcr die soziale Arbeit und die Jugendhilfe.<\/p>\n<p>Ganz dringend ist aus Zimkeits Sicht eine Bildungsoffensive, denn die Pandemie habe k\u00f6rperliche, seelische und geistige Folgen. &#8222;Deswegen brauchen wir mehr Sprachf\u00f6rderung, Ern\u00e4hrungsausbildung und Bewegungsf\u00f6rderung, ein verl\u00e4ngertes Kita-Helfer-Programm, eine Ausweitung der Schulsozialarbeit sowie zus\u00e4tzlichen Ganztags- und Ferienangebote&#8220;, sagt Zimkeit. &#8222;Wir m\u00fcssen die in der Coronazeit entstanden zus\u00e4tzlichen Benachteiligungen mit aller Kraft ausgleichen.&#8220;<\/p>\n<p>Mehr Ausbildungspl\u00e4tze, Hilfen f\u00fcr Gastronomie, Kulturschaffende und das Ehrenamt, Mittel f\u00fcr den \u00d6PNV und eine zukunftsf\u00e4hige Gesundheitsvorsorge geh\u00f6ren ebenfalls zu dem sozialdemokratischen Neustart-Programm. &#8222;Au\u00dferdem wollen wir f\u00fcr lebenswerte Innenst\u00e4dte sorgen und den St\u00e4dten helfen, einzelne Immobilien zu mieten, gegebenenfalls anzukaufen und einen Mix aus Handel, Kultur, Freizeit und Wohnen zu erm\u00f6glichen&#8220;, erl\u00e4utert Zimkeit.<\/p>\n<p>&#8222;Besonders wichtig f\u00fcr einen Stadt wie Oberhausen ist, dass sie trotz der Krise handlungsf\u00e4hig bleibt. Deswegen w\u00e4re es unverantwortlich, wenn das Land NRW den St\u00e4dten nun ihre Hilfe versagt und sie auf den coronabedingten Steuerausf\u00e4llen und Mehrkosten sitzen l\u00e4sst&#8220;, nimmt der SPD-Abgeordnete eine Forderung auf, die auch von der \u00f6rtlichen Wirtschaft, den Gewerkschaften und dem Sozial- und Kulturbereich erhoben wird.<\/p>\n<p>&#8222;Deshalb brauchen wir einen Fonds, der alle diese Hilfen b\u00fcndelt. Das ist wichtiger als die Erstattung der Steuerausf\u00e4lle f\u00fcr den Landesetat&#8220;, kritisiert Stefan Zimkeit die falsche Schwerpunktsetzung der CDU-FDP-Landesregierung.<\/p>\n","protected":false},"excerpt":{"rendered":"<p>Stefan Zimkeit hat in den Landtag den Antrag eingebracht, ein Zehn-Milliarden-Euro Programm f\u00fcr den wirtschaftlichen und sozialen Neustart von NRW aufzulegen. &#8222;Die Pandemie hat erhebliche Auswirkungen, weil sie die soziale&hellip; <\/p>\n","protected":false},"author":1,"featured_media":0,"comment_status":"closed","ping_status":"closed","sticky":false,"template":"","format":"standard","meta":{"footnotes":""},"categories":[2275,98,216],"tags":[2463,2223,2228,2218,2379,2559,3003,3002,123,163,2329,1784],"quellen":[331],"class_list":["post-8362","post","type-post","status-publish","format-standard","hentry","category-corona-krise","category-finanzen","category-land","tag-corona-pandemie","tag-coronavirus","tag-coronavirus-krise","tag-covid-19-krise","tag-gastronomie","tag-innenstaedte","tag-kulturschaffende","tag-neustart-programm-nrw","tag-schulsozialarbeit","tag-sprachfoerderung","tag-steuerausfaelle","tag-wohlfahrtsverbaende","quellen-mdl-stefan-zimkeit"],"_links":{"self":[{"href":"https:\/\/meier-gerdingh.de\/wp-spd-ob\/wp-json\/wp\/v2\/posts\/8362","targetHints":{"allow":["GET"]}}],"collection":[{"href":"https:\/\/meier-gerdingh.de\/wp-spd-ob\/wp-json\/wp\/v2\/posts"}],"about":[{"href":"https:\/\/meier-gerdingh.de\/wp-spd-ob\/wp-json\/wp\/v2\/types\/post"}],"author":[{"embeddable":true,"href":"https:\/\/meier-gerdingh.de\/wp-spd-ob\/wp-json\/wp\/v2\/users\/1"}],"replies":[{"embeddable":true,"href":"https:\/\/meier-gerdingh.de\/wp-spd-ob\/wp-json\/wp\/v2\/comments?post=8362"}],"version-history":[{"count":0,"href":"https:\/\/meier-gerdingh.de\/wp-spd-ob\/wp-json\/wp\/v2\/posts\/8362\/revisions"}],"wp:attachment":[{"href":"https:\/\/meier-gerdingh.de\/wp-spd-ob\/wp-json\/wp\/v2\/media?parent=8362"}],"wp:term":[{"taxonomy":"category","embeddable":true,"href":"https:\/\/meier-gerdingh.de\/wp-spd-ob\/wp-json\/wp\/v2\/categories?post=8362"},{"taxonomy":"post_tag","embeddable":true,"href":"https:\/\/meier-gerdingh.de\/wp-spd-ob\/wp-json\/wp\/v2\/tags?post=8362"},{"taxonomy":"quellen","embeddable":true,"href":"https:\/\/meier-gerdingh.de\/wp-spd-ob\/wp-json\/wp\/v2\/quellen?post=8362"}],"curies":[{"name":"wp","href":"https:\/\/api.w.org\/{rel}","templated":true}]}}