{"id":838,"date":"2011-03-01T17:00:00","date_gmt":"2011-03-01T15:00:00","guid":{"rendered":"http:\/\/www.meier-gerdingh.de\/spd-oberhausen\/wp\/?p=838"},"modified":"2017-05-16T14:29:41","modified_gmt":"2017-05-16T12:29:41","slug":"grosse-freude-ueber-abschaffung-der-studiengebuehren","status":"publish","type":"post","link":"https:\/\/meier-gerdingh.de\/wp-spd-ob\/2011\/03\/01\/grosse-freude-ueber-abschaffung-der-studiengebuehren\/","title":{"rendered":"Gro\u00dfe Freude \u00fcber Abschaffung der Studiengeb\u00fchren"},"content":{"rendered":"<p><a href=\"http:\/\/meier-gerdingh.de\/wp-spd-ob\/wp-content\/uploads\/logo_jusos_oberhausen_neu.jpg\"><img decoding=\"async\" class=\"size-full alignleft\" src=\"http:\/\/meier-gerdingh.de\/wp-spd-ob\/wp-content\/uploads\/logo_jusos_oberhausen_neu.jpg\" alt=\"\" width=\"199\" height=\"121\" \/><\/a><i>Mit gro\u00dfer Freude und Erleichtung haben die Jungsozialisten auf die Abschaffung der Studiengeb\u00fchren zum kommenden Wintersemester reagiert. Hierzu erkl\u00e4rt Maurizio Graw, Vorsitzender der Jusos Oberhausen:<\/i><\/p>\n<p>&#8222;Wir sind sehr erfreut, dass Hannelore Kraft eines ihrer zentralen Wahlversprechen so schnell eingel\u00f6st hat. Damit geh\u00f6rt eine der gr\u00f6\u00dften sozialen Ungerechtigkeiten der schwarz-gelben Vorg\u00e4ngerregierung endlich der Vergangenheit an.<!--more--><\/p>\n<p>Die Regierung R\u00fcttgers hat die Gesellschaft gespalten und Politik zu Lasten von Kindern, Sch\u00fclerinnen und Sch\u00fclern, sowie Studierenden gemacht. Die komplette Bildungspolitik der CDU war und ist auf Spaltung und Selektion ausgelegt. Die Studiengeb\u00fchren waren dabei der traurige H\u00f6hepunkt, da damit insbesondere Kinder aus sozial schw\u00e4cheren Familien an einem Studium gehindert wurden.<\/p>\n<p>Mit der Entscheidung, die Studiengeb\u00fchren abzuschaffen, wird die Bildungspolitik in NRW wieder ein gro\u00dfes St\u00fcck gerechter und solidarischer. Aus unserer Sicht muss Bildung grunds\u00e4tzlich kostenlos und frei zug\u00e4nglich sein, von der KiTa bis zum Studium. Bildung ist der Schl\u00fcssel zum Wohlstand und daher ist jede Investition an dieser Stelle richtig angelegt.<\/p>\n<p>Wir Jusos fordern, dass in der Bildungslandschaft endlich Chancengleichheit verwirklicht wird. Die soziale Herkunft darf nicht l\u00e4nger \u00fcber den Bildungserfolg entscheiden. Mit der Abschaffung der Studiengeb\u00fchren hat die rot-gr\u00fcne Landesregierung einen wichtigen Schritt in diese Richtung gemacht.&#8220;<\/p>\n","protected":false},"excerpt":{"rendered":"<p>Mit gro\u00dfer Freude und Erleichtung haben die Jungsozialisten auf die Abschaffung der Studiengeb\u00fchren zum kommenden Wintersemester reagiert. Hierzu erkl\u00e4rt Maurizio Graw, Vorsitzender der Jusos Oberhausen: &#8222;Wir sind sehr erfreut, dass&hellip; <\/p>\n","protected":false},"author":1,"featured_media":0,"comment_status":"closed","ping_status":"closed","sticky":false,"template":"","format":"standard","meta":{"footnotes":""},"categories":[1],"tags":[],"quellen":[],"class_list":["post-838","post","type-post","status-publish","format-standard","hentry","category-allgemein"],"_links":{"self":[{"href":"https:\/\/meier-gerdingh.de\/wp-spd-ob\/wp-json\/wp\/v2\/posts\/838","targetHints":{"allow":["GET"]}}],"collection":[{"href":"https:\/\/meier-gerdingh.de\/wp-spd-ob\/wp-json\/wp\/v2\/posts"}],"about":[{"href":"https:\/\/meier-gerdingh.de\/wp-spd-ob\/wp-json\/wp\/v2\/types\/post"}],"author":[{"embeddable":true,"href":"https:\/\/meier-gerdingh.de\/wp-spd-ob\/wp-json\/wp\/v2\/users\/1"}],"replies":[{"embeddable":true,"href":"https:\/\/meier-gerdingh.de\/wp-spd-ob\/wp-json\/wp\/v2\/comments?post=838"}],"version-history":[{"count":0,"href":"https:\/\/meier-gerdingh.de\/wp-spd-ob\/wp-json\/wp\/v2\/posts\/838\/revisions"}],"wp:attachment":[{"href":"https:\/\/meier-gerdingh.de\/wp-spd-ob\/wp-json\/wp\/v2\/media?parent=838"}],"wp:term":[{"taxonomy":"category","embeddable":true,"href":"https:\/\/meier-gerdingh.de\/wp-spd-ob\/wp-json\/wp\/v2\/categories?post=838"},{"taxonomy":"post_tag","embeddable":true,"href":"https:\/\/meier-gerdingh.de\/wp-spd-ob\/wp-json\/wp\/v2\/tags?post=838"},{"taxonomy":"quellen","embeddable":true,"href":"https:\/\/meier-gerdingh.de\/wp-spd-ob\/wp-json\/wp\/v2\/quellen?post=838"}],"curies":[{"name":"wp","href":"https:\/\/api.w.org\/{rel}","templated":true}]}}