{"id":839,"date":"2011-03-02T17:00:00","date_gmt":"2011-03-02T15:00:00","guid":{"rendered":"http:\/\/www.meier-gerdingh.de\/spd-oberhausen\/wp\/?p=839"},"modified":"2017-05-16T14:29:15","modified_gmt":"2017-05-16T12:29:15","slug":"einladung-zur-veranstaltung-und-wo-bleibt-das-wohl-des-kindes","status":"publish","type":"post","link":"https:\/\/meier-gerdingh.de\/wp-spd-ob\/2011\/03\/02\/einladung-zur-veranstaltung-und-wo-bleibt-das-wohl-des-kindes\/","title":{"rendered":"Einladung zur Veranstaltung &#8222;Und wo bleibt das Wohl des Kindes?&#8220;"},"content":{"rendered":"<p><a href=\"http:\/\/meier-gerdingh.de\/wp-spd-ob\/wp-content\/uploads\/logo_asf_09.jpg\"><img decoding=\"async\" class=\"size-full alignleft\" src=\"http:\/\/meier-gerdingh.de\/wp-spd-ob\/wp-content\/uploads\/logo_asf_09.jpg\" alt=\"\" width=\"105\" height=\"140\" \/><\/a>&#8222;Und wo bleibt das Wohl des Kindes?&#8220; Diese Frage stellt sich die Arbeitsgemeinschaft sozialdemokratischer Frauen (AsF) in Oberhausen am kommenden Donnerstag. Mit einer Veranstaltung zum Thema &#8222;Kinderarmut&#8220; m\u00f6chte die AsF einen Beitrag zur aktuellen Diskussion im Bereich der erg\u00e4nzenden Hilfen f\u00fcr Kinder leisten.<!--more--><\/p>\n<p>Zu dem Thema werden informieren und diskutieren:<\/p>\n<p><b>Martin Meister<\/b>, CVJM Oberhausen<br \/>\n<b>Michael Sch\u00f6ttle<\/b>, AWO Bezirksverband Niederrhein e.V.<br \/>\n<b>Christiane Pahnke-Vogel<\/b>, Jobcenter Oberhausen<br \/>\n<b>Stefan Zimkeit<\/b>, MdL<\/p>\n<p>Die Veranstaltung findet am <b>Donnerstag, 10. M\u00e4rz 2011<\/b> in den R\u00e4umen des <b>CVJM Oberhausen, Marktstra\u00dfe 150, 46045 Oberhausen<\/b> statt. Einlass ab 18:30 Uhr und Stehcafe, Beginn der Podiumsdiskussion ist 19:00 Uhr.<\/p>\n<p>Interessierte sind herzlich eingeladen.<\/p>\n","protected":false},"excerpt":{"rendered":"<p>&#8222;Und wo bleibt das Wohl des Kindes?&#8220; Diese Frage stellt sich die Arbeitsgemeinschaft sozialdemokratischer Frauen (AsF) in Oberhausen am kommenden Donnerstag. Mit einer Veranstaltung zum Thema &#8222;Kinderarmut&#8220; m\u00f6chte die AsF&hellip; <\/p>\n","protected":false},"author":1,"featured_media":0,"comment_status":"closed","ping_status":"closed","sticky":false,"template":"","format":"standard","meta":{"footnotes":""},"categories":[1],"tags":[],"quellen":[],"class_list":["post-839","post","type-post","status-publish","format-standard","hentry","category-allgemein"],"_links":{"self":[{"href":"https:\/\/meier-gerdingh.de\/wp-spd-ob\/wp-json\/wp\/v2\/posts\/839","targetHints":{"allow":["GET"]}}],"collection":[{"href":"https:\/\/meier-gerdingh.de\/wp-spd-ob\/wp-json\/wp\/v2\/posts"}],"about":[{"href":"https:\/\/meier-gerdingh.de\/wp-spd-ob\/wp-json\/wp\/v2\/types\/post"}],"author":[{"embeddable":true,"href":"https:\/\/meier-gerdingh.de\/wp-spd-ob\/wp-json\/wp\/v2\/users\/1"}],"replies":[{"embeddable":true,"href":"https:\/\/meier-gerdingh.de\/wp-spd-ob\/wp-json\/wp\/v2\/comments?post=839"}],"version-history":[{"count":0,"href":"https:\/\/meier-gerdingh.de\/wp-spd-ob\/wp-json\/wp\/v2\/posts\/839\/revisions"}],"wp:attachment":[{"href":"https:\/\/meier-gerdingh.de\/wp-spd-ob\/wp-json\/wp\/v2\/media?parent=839"}],"wp:term":[{"taxonomy":"category","embeddable":true,"href":"https:\/\/meier-gerdingh.de\/wp-spd-ob\/wp-json\/wp\/v2\/categories?post=839"},{"taxonomy":"post_tag","embeddable":true,"href":"https:\/\/meier-gerdingh.de\/wp-spd-ob\/wp-json\/wp\/v2\/tags?post=839"},{"taxonomy":"quellen","embeddable":true,"href":"https:\/\/meier-gerdingh.de\/wp-spd-ob\/wp-json\/wp\/v2\/quellen?post=839"}],"curies":[{"name":"wp","href":"https:\/\/api.w.org\/{rel}","templated":true}]}}