{"id":840,"date":"2011-03-01T17:00:00","date_gmt":"2011-03-01T15:00:00","guid":{"rendered":"http:\/\/www.meier-gerdingh.de\/spd-oberhausen\/wp\/?p=840"},"modified":"2017-05-16T14:29:51","modified_gmt":"2017-05-16T12:29:51","slug":"stabile-verhaeltnisse-in-alstaden-und-lirich","status":"publish","type":"post","link":"https:\/\/meier-gerdingh.de\/wp-spd-ob\/2011\/03\/01\/stabile-verhaeltnisse-in-alstaden-und-lirich\/","title":{"rendered":"Stabile Verh\u00e4ltnisse in Alstaden und Lirich"},"content":{"rendered":"<div style=\"width: 150px\" class=\"wp-caption alignleft\"><a href=\"http:\/\/meier-gerdingh.de\/wp-spd-ob\/wp-content\/uploads\/voepel_dirk_09.jpg\"><img decoding=\"async\" class=\"size-full\" src=\"http:\/\/meier-gerdingh.de\/wp-spd-ob\/wp-content\/uploads\/voepel_dirk_09.jpg\" alt=\"Alter und neuer Vorsitzender der SPD im Oberhausener Westen: Dirk V\u00f6pel\" width=\"140\" height=\"169\" \/><\/a><p class=\"wp-caption-text\">Alter und neuer Vorsitzender der SPD im Oberhausener Westen: Dirk V\u00f6pel<\/p><\/div>\n<p>Eindrucksvoll best\u00e4tigt wurde Dirk V\u00f6pel als Vorsitzender des SPD-Ortsvereins Oberhausen-West. Er wurde auf der Jahreshauptversammlung des Ortsvereins einstimmig wiedergew\u00e4hlt. Im Mittelpunkt standen allerdings Monika Schulz und Uwe Grotthaus. Nach 26 Jahren traten sie nicht mehr zur Wahl als Kassierer an. Als Beisitzer im Vorstand werden sie allerdings ihre reichhaltigen Erfahrungen weiterhin einbringen. Ihre Nachfolger wurden Heinz-Werner Bruns und Sascha B\u00f6hle.<!--more--><\/p>\n<p>Unterst\u00fctzt wird Dirk V\u00f6pel durch seine beiden Stellvertreter Sonja Bongers und Josef Loege. Als Schriftf\u00fchrer best\u00e4tigt wurden Kirsten Oberste-Kleinbeck und Detlef Schneider, als Pressesprecher Ulrich Otto.<\/p>\n<p>Als weitere <b>Beisitzer im Vorstand<\/b> wurden gew\u00e4hlt:<\/p>\n<p>Klaus B\u00f6hle<br \/>\nBritta Costecki<br \/>\nRen\u00e9 Derksen<br \/>\nJ\u00fcrgen Grefermann<br \/>\nPeter Klunk<br \/>\nJulian M\u00fcller<br \/>\nIngrid Raspel<br \/>\nSahin B\u00fclent<br \/>\nRaphael Werft<\/p>\n<p>Als <b>Delegierte zu den Unterbezirksparteitagen<\/b> der Oberhausener SPD wurden gew\u00e4hlt:<\/p>\n<p>Klaus B\u00f6hle<br \/>\nSascha B\u00f6hle<br \/>\nSonja Bongers<br \/>\nHeinz-Werner Bruns<br \/>\nBritta Costecki<br \/>\nRene Derksen<br \/>\nJoachim F\u00fcrth<br \/>\nJ\u00fcrgen Grefermann<br \/>\nUwe Grotthaus<br \/>\nSandra Jungmaier<br \/>\nPeter Klunk<br \/>\nElisabeth Koal<br \/>\nAngelika Krietemeyer<br \/>\nAnneliese Loege<br \/>\nJosef Loege<br \/>\nJulian M\u00fcller<br \/>\nKirsten Oberste-Kleinbeck<br \/>\nUlrich Otto<br \/>\nIngrid Raspel<br \/>\nB\u00fclent Sahin<br \/>\nDetlef Schneider<br \/>\nMonika Schulz<br \/>\nGerold St\u00f6ck<br \/>\nMarianne Vier<br \/>\nDirk V\u00f6pel<\/p>\n","protected":false},"excerpt":{"rendered":"<p>Eindrucksvoll best\u00e4tigt wurde Dirk V\u00f6pel als Vorsitzender des SPD-Ortsvereins Oberhausen-West. Er wurde auf der Jahreshauptversammlung des Ortsvereins einstimmig wiedergew\u00e4hlt. Im Mittelpunkt standen allerdings Monika Schulz und Uwe Grotthaus. Nach 26&hellip; <\/p>\n","protected":false},"author":1,"featured_media":0,"comment_status":"closed","ping_status":"closed","sticky":false,"template":"","format":"standard","meta":{"footnotes":""},"categories":[1],"tags":[],"quellen":[],"class_list":["post-840","post","type-post","status-publish","format-standard","hentry","category-allgemein"],"_links":{"self":[{"href":"https:\/\/meier-gerdingh.de\/wp-spd-ob\/wp-json\/wp\/v2\/posts\/840","targetHints":{"allow":["GET"]}}],"collection":[{"href":"https:\/\/meier-gerdingh.de\/wp-spd-ob\/wp-json\/wp\/v2\/posts"}],"about":[{"href":"https:\/\/meier-gerdingh.de\/wp-spd-ob\/wp-json\/wp\/v2\/types\/post"}],"author":[{"embeddable":true,"href":"https:\/\/meier-gerdingh.de\/wp-spd-ob\/wp-json\/wp\/v2\/users\/1"}],"replies":[{"embeddable":true,"href":"https:\/\/meier-gerdingh.de\/wp-spd-ob\/wp-json\/wp\/v2\/comments?post=840"}],"version-history":[{"count":0,"href":"https:\/\/meier-gerdingh.de\/wp-spd-ob\/wp-json\/wp\/v2\/posts\/840\/revisions"}],"wp:attachment":[{"href":"https:\/\/meier-gerdingh.de\/wp-spd-ob\/wp-json\/wp\/v2\/media?parent=840"}],"wp:term":[{"taxonomy":"category","embeddable":true,"href":"https:\/\/meier-gerdingh.de\/wp-spd-ob\/wp-json\/wp\/v2\/categories?post=840"},{"taxonomy":"post_tag","embeddable":true,"href":"https:\/\/meier-gerdingh.de\/wp-spd-ob\/wp-json\/wp\/v2\/tags?post=840"},{"taxonomy":"quellen","embeddable":true,"href":"https:\/\/meier-gerdingh.de\/wp-spd-ob\/wp-json\/wp\/v2\/quellen?post=840"}],"curies":[{"name":"wp","href":"https:\/\/api.w.org\/{rel}","templated":true}]}}