{"id":841,"date":"2011-02-25T17:00:00","date_gmt":"2011-02-25T15:00:00","guid":{"rendered":"http:\/\/www.meier-gerdingh.de\/spd-oberhausen\/wp\/?p=841"},"modified":"2017-05-16T14:30:50","modified_gmt":"2017-05-16T12:30:50","slug":"28-delegierte-fuer-die-parteitage-der-spd-oberhausen-gewaehlt","status":"publish","type":"post","link":"https:\/\/meier-gerdingh.de\/wp-spd-ob\/2011\/02\/25\/28-delegierte-fuer-die-parteitage-der-spd-oberhausen-gewaehlt\/","title":{"rendered":"28 Delegierte f\u00fcr die Parteitage der SPD Oberhausen gew\u00e4hlt"},"content":{"rendered":"<p>Der SPD-Ortsverein Oberhausen Ost w\u00e4hlte bei seiner Jahreshauptversammlung 28 Delegierte, die er zu den Unterbezirksparteitagen der Oberhausener SPD entsendet.<br \/>\nMit knapp 350 Mitgliedern ist der Ortsverein Ost damit nach Osterfeld der zweitgr\u00f6\u00dfte der Oberhausener SPD. Insgesamt sind 165 Delegierte im Unterbezirk Oberhausen stimmberechtigt.<!--more--><\/p>\n<p>Gew\u00e4hlt wurden:<\/p>\n<p>Horst Wolter<br \/>\nFrank Motschull<br \/>\nRen\u00e9 Pascheberg<br \/>\nDorothee Radtke<br \/>\nKlaus Wehling<br \/>\nMichael Groschek<br \/>\nWalburga Grunauer<br \/>\nUly Stroh<br \/>\nMagnus Dellwig<br \/>\nHans-Georg Po\u00df<br \/>\nManuel Dr\u00f6hne<br \/>\nSven Pascheberg<br \/>\nRoswitha Groschek<br \/>\nIngo D\u00e4mgen<br \/>\nErwin Stroh<br \/>\nAnke Eisermann<br \/>\nHarald Schwab<br \/>\nFriedhelm Pascheberg<br \/>\nInge Pohl<br \/>\nNicole Kenzer<br \/>\nHorst Fa\u00dfbender<br \/>\nKlaus Knichel<br \/>\nHartwig Kompa<br \/>\nCorinna Behrends<br \/>\nDieter Weishaupt<br \/>\nIngrid Savilius<br \/>\nKatrin Ruge<br \/>\nUlrike Will<\/p>\n<p>Die Ersatzdelegierten lauten: <\/p>\n<p>Maximilian Janetzki<br \/>\nRoswitha Beninde<br \/>\nAndeas Werdelman<br \/>\nMargot Schulz<br \/>\nChristian Essig<br \/>\nD\u00f6rte Delberg-Ziepke<br \/>\nMarc H\u00fcnnemeyer<br \/>\nUwe Sch\u00e4fer<br \/>\nErik Fechner<br \/>\nChristian Borgs<br \/>\nRoland Fitze<br \/>\nJ\u00fcrgen Schmidt<\/p>\n","protected":false},"excerpt":{"rendered":"<p>Der SPD-Ortsverein Oberhausen Ost w\u00e4hlte bei seiner Jahreshauptversammlung 28 Delegierte, die er zu den Unterbezirksparteitagen der Oberhausener SPD entsendet. Mit knapp 350 Mitgliedern ist der Ortsverein Ost damit nach Osterfeld&hellip; <\/p>\n","protected":false},"author":1,"featured_media":0,"comment_status":"closed","ping_status":"closed","sticky":false,"template":"","format":"standard","meta":{"footnotes":""},"categories":[1],"tags":[],"quellen":[],"class_list":["post-841","post","type-post","status-publish","format-standard","hentry","category-allgemein"],"_links":{"self":[{"href":"https:\/\/meier-gerdingh.de\/wp-spd-ob\/wp-json\/wp\/v2\/posts\/841","targetHints":{"allow":["GET"]}}],"collection":[{"href":"https:\/\/meier-gerdingh.de\/wp-spd-ob\/wp-json\/wp\/v2\/posts"}],"about":[{"href":"https:\/\/meier-gerdingh.de\/wp-spd-ob\/wp-json\/wp\/v2\/types\/post"}],"author":[{"embeddable":true,"href":"https:\/\/meier-gerdingh.de\/wp-spd-ob\/wp-json\/wp\/v2\/users\/1"}],"replies":[{"embeddable":true,"href":"https:\/\/meier-gerdingh.de\/wp-spd-ob\/wp-json\/wp\/v2\/comments?post=841"}],"version-history":[{"count":0,"href":"https:\/\/meier-gerdingh.de\/wp-spd-ob\/wp-json\/wp\/v2\/posts\/841\/revisions"}],"wp:attachment":[{"href":"https:\/\/meier-gerdingh.de\/wp-spd-ob\/wp-json\/wp\/v2\/media?parent=841"}],"wp:term":[{"taxonomy":"category","embeddable":true,"href":"https:\/\/meier-gerdingh.de\/wp-spd-ob\/wp-json\/wp\/v2\/categories?post=841"},{"taxonomy":"post_tag","embeddable":true,"href":"https:\/\/meier-gerdingh.de\/wp-spd-ob\/wp-json\/wp\/v2\/tags?post=841"},{"taxonomy":"quellen","embeddable":true,"href":"https:\/\/meier-gerdingh.de\/wp-spd-ob\/wp-json\/wp\/v2\/quellen?post=841"}],"curies":[{"name":"wp","href":"https:\/\/api.w.org\/{rel}","templated":true}]}}