{"id":843,"date":"2011-03-10T17:00:00","date_gmt":"2011-03-10T15:00:00","guid":{"rendered":"http:\/\/www.meier-gerdingh.de\/spd-oberhausen\/wp\/?p=843"},"modified":"2017-05-16T14:13:22","modified_gmt":"2017-05-16T12:13:22","slug":"unterbezirksparteitag-der-oberhausener-spd","status":"publish","type":"post","link":"https:\/\/meier-gerdingh.de\/wp-spd-ob\/2011\/03\/10\/unterbezirksparteitag-der-oberhausener-spd\/","title":{"rendered":"Unterbezirksparteitag der Oberhausener SPD"},"content":{"rendered":"<p><a href=\"http:\/\/meier-gerdingh.de\/wp-spd-ob\/wp-content\/uploads\/banner_ub_parteitag_11_03_14.jpg\"><img decoding=\"async\" src=\"http:\/\/meier-gerdingh.de\/wp-spd-ob\/wp-content\/uploads\/banner_ub_parteitag_11_03_14.jpg\" alt=\"\" width=\"368\" height=\"130\" class=\"alignleft size-full wp-image-1281\" srcset=\"https:\/\/meier-gerdingh.de\/wp-spd-ob\/wp-content\/uploads\/banner_ub_parteitag_11_03_14.jpg 368w, https:\/\/meier-gerdingh.de\/wp-spd-ob\/wp-content\/uploads\/banner_ub_parteitag_11_03_14-300x105.jpg 300w\" sizes=\"(max-width: 368px) 100vw, 368px\" \/><\/a>Am kommenden Montag treffen sich die Delegierten der Oberhausener SPD zu ihrem Unterbezirksparteitag. Auf der Tagesordnung stehen die Wahlen der Delegierten f\u00fcr den Bundes- und Landesparteitag, f\u00fcr die Regionalkonferenzen, f\u00fcr die Ruhrkonferenz und den Landesparteirat. Neben den Wahlen werden der Parteivorsitzende Wolfgang Gro\u00dfe Br\u00f6mer den politischen- und Organisationsbericht sowie der Bundestagsabgeordnete Michael Groschek einen Bericht aus dem Bund halten.<!--more--><\/p>\n<p><b>Termin:<\/b><br \/>\nMontag, 14. M\u00e4rz 2011, 17.00 Uhr,<br \/>\nSaal &#8222;London&#8220; der Luise-Albertz-Halle,<br \/>\nD\u00fcppelstra\u00dfe 1-3, 46045 Oberhausen<\/p>\n<div class=\"agenda\">\n<p>Vorl\u00e4ufige <b>Tagesordnung<\/b>:<br \/>\n<b>Pr\u00e4sidium:<\/b> Ortsverein Sterkrade-S\u00fcd<\/p>\n<ol>\n<li>Er\u00f6ffnung des Parteitages<\/li>\n<li>Konstituierung<br \/>\na) Annahme einer Tagesordnung<br \/>\nb) Annahme einer Gesch\u00e4ftsordnung<br \/>\nc) Wahl einer Versammlungsleitung<br \/>\nd) Wahl einer Mandatspr\u00fcfungskommission<br \/>\ne) Wahl einer Wahlkommission<br \/>\nf) Wahl einer Antragskommission<\/li>\n<li>Genehmigung der Niederschrift des Unterbezirksparteitages vom 27. September 2010<\/li>\n<li>Bericht der Mandatspr\u00fcfungs- und Wahlkommission<\/li>\n<li><b>Berichte:<\/b><br \/>\na) Politischer und Organisationsbericht, <i>Wolfgang Gro\u00dfe Br\u00f6mer MdL<\/i><br \/>\nb) Bericht aus dem Bund, <i>Michael Groschek MdB<\/i><\/li>\n<li>Aussprache<\/li>\n<li><b>Wahlen<\/b><br \/>\n7.1 Wahl von zwei Delegierten und Ersatzdelegierten zum Bundesparteitag<br \/>\n7.2 Wahl von zwei Delegierten und Ersatzdelegierten f\u00fcr den Landesparteirat der NRW-SPD<br \/>\n7.3 Wahl von voraussichtlich sieben Delegierten und Ersatzdelegierten zum Landesparteitag<br \/>\n7.4 Wahl von voraussichtlich sieben Delegierten und Ersatzdelegierten zu den Regionalkonferenzen<\/li>\n<li>7.5 Wahl von voraussichtlich drei Delegierten und Ersatzdelegierten zur Ruhrkonferenz<\/li>\n<li>Beratung von Antr\u00e4gen<\/li>\n<li>Abschluss des Unterbezirksparteitages<\/li>\n<\/ol>\n<\/div>\n","protected":false},"excerpt":{"rendered":"<p>Am kommenden Montag treffen sich die Delegierten der Oberhausener SPD zu ihrem Unterbezirksparteitag. Auf der Tagesordnung stehen die Wahlen der Delegierten f\u00fcr den Bundes- und Landesparteitag, f\u00fcr die Regionalkonferenzen, f\u00fcr&hellip; <\/p>\n","protected":false},"author":1,"featured_media":0,"comment_status":"closed","ping_status":"closed","sticky":false,"template":"","format":"standard","meta":{"footnotes":""},"categories":[1],"tags":[],"quellen":[],"class_list":["post-843","post","type-post","status-publish","format-standard","hentry","category-allgemein"],"_links":{"self":[{"href":"https:\/\/meier-gerdingh.de\/wp-spd-ob\/wp-json\/wp\/v2\/posts\/843","targetHints":{"allow":["GET"]}}],"collection":[{"href":"https:\/\/meier-gerdingh.de\/wp-spd-ob\/wp-json\/wp\/v2\/posts"}],"about":[{"href":"https:\/\/meier-gerdingh.de\/wp-spd-ob\/wp-json\/wp\/v2\/types\/post"}],"author":[{"embeddable":true,"href":"https:\/\/meier-gerdingh.de\/wp-spd-ob\/wp-json\/wp\/v2\/users\/1"}],"replies":[{"embeddable":true,"href":"https:\/\/meier-gerdingh.de\/wp-spd-ob\/wp-json\/wp\/v2\/comments?post=843"}],"version-history":[{"count":0,"href":"https:\/\/meier-gerdingh.de\/wp-spd-ob\/wp-json\/wp\/v2\/posts\/843\/revisions"}],"wp:attachment":[{"href":"https:\/\/meier-gerdingh.de\/wp-spd-ob\/wp-json\/wp\/v2\/media?parent=843"}],"wp:term":[{"taxonomy":"category","embeddable":true,"href":"https:\/\/meier-gerdingh.de\/wp-spd-ob\/wp-json\/wp\/v2\/categories?post=843"},{"taxonomy":"post_tag","embeddable":true,"href":"https:\/\/meier-gerdingh.de\/wp-spd-ob\/wp-json\/wp\/v2\/tags?post=843"},{"taxonomy":"quellen","embeddable":true,"href":"https:\/\/meier-gerdingh.de\/wp-spd-ob\/wp-json\/wp\/v2\/quellen?post=843"}],"curies":[{"name":"wp","href":"https:\/\/api.w.org\/{rel}","templated":true}]}}