{"id":844,"date":"2011-03-14T17:00:00","date_gmt":"2011-03-14T15:00:00","guid":{"rendered":"http:\/\/www.meier-gerdingh.de\/spd-oberhausen\/wp\/?p=844"},"modified":"2017-05-16T13:50:16","modified_gmt":"2017-05-16T11:50:16","slug":"den-atomausstieg-in-deutschland-beschleunigen","status":"publish","type":"post","link":"https:\/\/meier-gerdingh.de\/wp-spd-ob\/2011\/03\/14\/den-atomausstieg-in-deutschland-beschleunigen\/","title":{"rendered":"Den Atomausstieg in Deutschland beschleunigen"},"content":{"rendered":"<p><i>Das SPD-Pr\u00e4sidium hat in seiner heutigen Sitzung in Mainz folgenden Beschluss gefasst:<\/i><\/p>\n<p><b>Den Atomausstieg in Deutschland beschleunigen!<\/b><\/p>\n<p>&#8222;Vor dem Hintergrund der Atomkatastrophe in Japan stellt das Pr\u00e4sidium des SPD-Parteivorstands fest:<\/p>\n<p>Die katastrophalen Ereignisse in bislang zwei der japanischen Atomkraftwerke zeigen, dass nach den beiden Reaktorkatastrophen des letzten Jahrhunderts &#8211; 1978 im US-AKW Three-Miles-Island in Harrisburgh und 1986 im sowjetischen AKW in Tschernobyl &#8211; auch im 21. Jahrhunderts niemand von einem dauerhaft sicheren Betrieb von Atomkraftwerken ausgehen kann.<!--more--><\/p>\n<p>Die Gefahr eines Super-GAU in Folge einer Kernschmelze ist keineswegs eine theoretische und rein mathematische Rechengr\u00f6\u00dfe, sondern eine ganz konkrete und im Alltagsbetrieb von Atomkraftwerken real m\u00f6gliche Gefahr. Nach dem weltweiten Umdenken bei der milit\u00e4rischen Nutzung der Atomenergie zwingen deshalb die verheerenden Folgen f\u00fcr Mensch und Natur eines solchen Super-GAU sp\u00e4testens jetzt zu einem weltweiten Umdenken auch bei der zivilen Nutzung der Atomenergie. Das atomare Zeitalter muss zu Ende sein.<\/p>\n<p>Das gilt auch f\u00fcr Deutschland. Die von CDU\/CSU und FDP erst vor wenigen Monaten vorgenommenen Laufzeitverl\u00e4ngerungen sind unverantwortlich. Auch der Hinweis der CDU-Bundeskanzlerin Angela Merkel, Deutschland sei weder Tsunami- noch Erdbebengebiet, ist nichts als eine Ausrede und soll den wahren Blick auf die Ursachen der Reaktorkatastrophe in Japan verstellen.<\/p>\n<p>Nat\u00fcrlich ist die Situation in Japan eine bislang einzigartige Situation: Ein mit einem Erdbeben verbundener Tsunami, in dessen Folge ein Stromausfall zu einer Reaktorkatastrophe f\u00fchrt, \u00fcbertrifft die meisten der denkbaren Gefahrenszenarien. Das darf allerdings nicht dar\u00fcber hinweg t\u00e4uschen, dass der atomare Krisenfall eingeleitet wurde durch den Ausfall der Stromversorgung und das Versagen der Notstromversorgung. Schon der Ausfall der Notstromversorgung im schwedischen AKW Forsmark im Jahr 2006 zeigt: es handelt sich um ein generelles Gefahrenpotential, das durch die unterschiedlichsten Ereignisse ausgel\u00f6st werden kann.<\/p>\n<p>Das Erdbeben in Japan k\u00f6nnte in Deutschland ein Flugzeugabsturz sein. Vor allem die alten deutschen Atomkraftwerke, die CDU\/CSU und FDP jetzt in ihren Laufzeiten drastisch verl\u00e4ngert haben, sind gegen Flugzeugabst\u00fcrze nicht gesichert. Zudem k\u00f6nnen nicht nur Gro\u00dfschadenereignisse die Stromversorgung eines AKW gef\u00e4hrden.<\/p>\n<p>Die von CDU\/CSU und FDP beschlossenen Laufzeitverl\u00e4ngerungen deutscher Atomkraftwerke um bis zu 14 Jahren sind rechtswidrig und f\u00fchren zu langfristigen massiven Gef\u00e4hrdungen der deutschen Bev\u00f6lkerung. Die angebliche &#8222;Br\u00fccke&#8220; in ein nicht-atomares Zeitalter ist damit mehr als 25 Jahre lang und keine &#8222;\u00dcbergangstechnologie&#8220;, wie der CDU-Bundesumweltminister behauptet. Sie wird weder f\u00fcr die Energiesicherheit noch f\u00fcr den Klimaschutz ben\u00f6tigt, sondern dient einzig den Lobbyinteressen von vier deutschen Atomkonzernen.<\/p>\n<p>Deshalb ist jetzt nicht die Zeit der Ausfl\u00fcchte und Beschwichtigungen, wie sie von der CDU-Bundeskanzlerin und ihrem CDU-Umweltminister der \u00d6ffentlichkeit angeboten werden. Sie dienen nur dem Versuch, die \u00d6ffentlichkeit vor den anstehenden Wahlen in Sachsen-Anhalt, Hessen, Rheinland-Pfalz und insbesondere im Atomland Baden-W\u00fcrttemberg zu beruhigen und zu t\u00e4uschen.<\/p>\n<p>Die SPD fordert die Bundesregierung deshalb auf, unverz\u00fcglich:<\/p>\n<ol>\n<li>das kerntechnische Regelwerk des Jahres 2009 (erarbeitet unter den Bundesumweltministern Trittin und Gabriel) sofort in Kraft zu setzen, um den Stand von Wissenschaft und Technik zur Voraussetzung beim Betrieb deutscher Atomkraftwerke zu machen. Die Verweigerung ist unverantwortlich gegen\u00fcber der deutschen Bev\u00f6lkerung.<\/li>\n<li>die \u00e4ltesten und am schlechtesten gegen Flugzeugabst\u00fcrze gesch\u00fctzten deutschen Atomkraftwerke Biblis A, Biblis B, Brunsb\u00fcttel, Neckarwestheim I, Philippsburg I, Isar I, Unterweser und Kr\u00fcmmel in 2011 und 2012 endg\u00fcltig vom Netz zu nehmen.<\/li>\n<li>die ohne Beteiligung des Bundesrates und deshalb rechtswidrig beschlossene Laufzeitverl\u00e4ngerung deutscher Atomkraftwerke zu stoppen und zur\u00fcck zu nehmen. Deutschland muss zu seinem urspr\u00fcnglichen Ziel zur\u00fcck: Ausstieg aus der Atomenergie bis zum Jahr 2020.<\/li>\n<li>die unter dem SPD-Bundeskanzler Gerhard Schr\u00f6der eingeleitete Energiewende fortzusetzen und zu beschleunigen. Das Atomzeitalter und das Zeitalter billigen \u00d6ls sind vorbei. Die Zukunft wird bestimmt von erneuerbaren Energien.<\/li>\n<\/ol>\n<p>Um das zu erm\u00f6glichen braucht Deutschland:<\/p>\n<ul>\n<li>Investitionen in die Energieeinsparung und Energieeffizienz, um die Energieproduktivit\u00e4t um j\u00e4hrlich 3 % zu steigern und Energie im Jahr 2020 doppelt so effizient zu nutzen wie 1990.<\/li>\n<li>Die Modernisierung des fossilen Kraftwerksparks bei Kohle und Gas &#8211; insbesondere der Kraft-W\u00e4rme-Koppelung &#8211; als Br\u00fcckentechnologie.<\/li>\n<li>Investitionen in erneuerbare Energien, um bis 2020 mindestens 40 Prozent erneuerbare Energien im Stromsektor und 20 Prozent im W\u00e4rmesektor zu erreichen.<\/li>\n<li>Ausbau der Elektromobilit\u00e4t und kraftstoffsparender Antriebstechniken im privaten und \u00f6ffentlichen Verkehr.<\/li>\n<\/ul>\n<p><b>Begr\u00fcndung:<\/b><\/p>\n<p>Am 11. M\u00e4rz 2011 ist das Atomzeitalter zu Ende gegangen. So historisch dieser Einschnitt auch ist, keiner wird stolz sein, dabei gewesen zu sein. Zwei schreckliche Katastrophen haben in dem von Tod und Zerst\u00f6rung heimgesuchten Japan zugleich den Anfang und das Ende dieser vom Menschen entfesselten, aber nie beherrschten Technologie markiert.<\/p>\n<p>Mit den am 6. und 9. August 1945 \u00fcber Hiroshima und Nagasaki abgeworfenen ersten Atombomben begann ihr milit\u00e4rischer Missbrauch, am 12. M\u00e4rz 2011 vergl\u00fchte mit der Kernschmelze im Atomkraftwerk Fukushima auch das letzte Vertrauen in ihre zivile Nutzung. Schon wie die angeblich r\u00fcckst\u00e4ndige Sowjetunion in Tschernobyl fand nun auch das Hochtechnologieland Japan kein Mittel, die Atom-Katastrophe zu verhindern.<\/p>\n<p>Es ist vorbei. Wir Sozialdemokraten haben von der Hoffnung, mit der wir im Godesberger Programm auf die angeblich saubere Atomenergie setzten, l\u00e4ngst Abschied genommen.<\/p>\n<p>Heute geht es darum, den Ausstieg aus der Atomkraft zu beginnen, endg\u00fcltig und \u00fcberall. Die von der Regierung Merkel\/Westerwelle beschlossene Verl\u00e4ngerung der Laufzeiten f\u00fcr deutsche Reaktoren, die unter dem Druck der Atomlobby auf frivole Art und Weise zustande gekommen ist, muss wieder r\u00fcckg\u00e4ngig gemacht werden.<\/p>\n<p>Vor der schrecklichen japanischen Erfahrung sagen wir: wir d\u00fcrfen uns nicht wieder einreden lassen, diese Katastrophe sei einzigartig, und sie werde sich in Deutschland bestimmt nicht wiederholen. Nichts davon ist wahr.<\/p>\n<p>Niemand darf sich der Illusion hingeben, dass diese Zeitenwende zu einem schnellen globalen Ausstieg aus der Atomkraft f\u00fchrt. Aber er wird fr\u00fcher oder sp\u00e4ter \u00fcberall kommen, weil er nun kommen muss.<\/p>\n<p>Wir tragen Verantwortung f\u00fcr Deutschland. Wir fordern die Bundesregierung auf, den Ausstieg aus der Atomkraft zu beginnen, und zwar sofort. Wir werden jede Wahl &#8211; ob zu den Landtagen oder zum Bundestag &#8211; zur Abstimmung dar\u00fcber machen, ob die Regierungen den Auftrag der B\u00fcrgerinnen und B\u00fcrger ernst nehmen, ohne Atomkraft im Frieden mit ihrer Umwelt und damit in Sicherheit zu leben.&#8220;<\/p>\n","protected":false},"excerpt":{"rendered":"<p>Das SPD-Pr\u00e4sidium hat in seiner heutigen Sitzung in Mainz folgenden Beschluss gefasst: Den Atomausstieg in Deutschland beschleunigen! &#8222;Vor dem Hintergrund der Atomkatastrophe in Japan stellt das Pr\u00e4sidium des SPD-Parteivorstands fest:&hellip; <\/p>\n","protected":false},"author":1,"featured_media":0,"comment_status":"closed","ping_status":"closed","sticky":false,"template":"","format":"standard","meta":{"footnotes":""},"categories":[1],"tags":[],"quellen":[],"class_list":["post-844","post","type-post","status-publish","format-standard","hentry","category-allgemein"],"_links":{"self":[{"href":"https:\/\/meier-gerdingh.de\/wp-spd-ob\/wp-json\/wp\/v2\/posts\/844","targetHints":{"allow":["GET"]}}],"collection":[{"href":"https:\/\/meier-gerdingh.de\/wp-spd-ob\/wp-json\/wp\/v2\/posts"}],"about":[{"href":"https:\/\/meier-gerdingh.de\/wp-spd-ob\/wp-json\/wp\/v2\/types\/post"}],"author":[{"embeddable":true,"href":"https:\/\/meier-gerdingh.de\/wp-spd-ob\/wp-json\/wp\/v2\/users\/1"}],"replies":[{"embeddable":true,"href":"https:\/\/meier-gerdingh.de\/wp-spd-ob\/wp-json\/wp\/v2\/comments?post=844"}],"version-history":[{"count":0,"href":"https:\/\/meier-gerdingh.de\/wp-spd-ob\/wp-json\/wp\/v2\/posts\/844\/revisions"}],"wp:attachment":[{"href":"https:\/\/meier-gerdingh.de\/wp-spd-ob\/wp-json\/wp\/v2\/media?parent=844"}],"wp:term":[{"taxonomy":"category","embeddable":true,"href":"https:\/\/meier-gerdingh.de\/wp-spd-ob\/wp-json\/wp\/v2\/categories?post=844"},{"taxonomy":"post_tag","embeddable":true,"href":"https:\/\/meier-gerdingh.de\/wp-spd-ob\/wp-json\/wp\/v2\/tags?post=844"},{"taxonomy":"quellen","embeddable":true,"href":"https:\/\/meier-gerdingh.de\/wp-spd-ob\/wp-json\/wp\/v2\/quellen?post=844"}],"curies":[{"name":"wp","href":"https:\/\/api.w.org\/{rel}","templated":true}]}}