{"id":846,"date":"2011-03-16T17:00:00","date_gmt":"2011-03-16T15:00:00","guid":{"rendered":"http:\/\/www.meier-gerdingh.de\/spd-oberhausen\/wp\/?p=846"},"modified":"2017-05-16T13:49:40","modified_gmt":"2017-05-16T11:49:40","slug":"aus-der-katastrophe-lernen-sicherheit-jetzt","status":"publish","type":"post","link":"https:\/\/meier-gerdingh.de\/wp-spd-ob\/2011\/03\/16\/aus-der-katastrophe-lernen-sicherheit-jetzt\/","title":{"rendered":"Aus der Katastrophe lernen &#8211; Sicherheit jetzt"},"content":{"rendered":"<div style=\"width: 150px\" class=\"wp-caption alignleft\"><a href=\"http:\/\/meier-gerdingh.de\/wp-spd-ob\/wp-content\/uploads\/groschek_michael_09.jpg\"><img decoding=\"async\" class=\"size-full\" src=\"http:\/\/meier-gerdingh.de\/wp-spd-ob\/wp-content\/uploads\/groschek_michael_09.jpg\" alt=\"Michael Groschek ist Generalsekret\u00e4r der NRWSPD und Mitglied des Bundestages f\u00fcr Oberhausen und Dinslaken\" width=\"140\" height=\"186\" \/><\/a><p class=\"wp-caption-text\">Michael Groschek ist Generalsekret\u00e4r der NRWSPD und Mitglied des Bundestages f\u00fcr Oberhausen und Dinslaken<\/p><\/div>\n<p>Auf Antrag der SPD-Bundestagsfraktion findet morgen, dem 17.03.2011, im Deutschen Bundestag eine namentliche Abstimmung \u00fcber die Abschaltung der \u00e4ltesten acht Atomkraftwerke in Deutschland statt. Damit soll verhindert werden, dass die acht \u00e4ltesten Atommeiler in Deutschland nach Ablauf des von der Bundesregierung verf\u00fcgten Moratoriums wieder ans Netz gehen.<!--more--><\/p>\n<p><i>Hierzu erkl\u00e4rt der Bundestagsabgeordnete Michael Groschek aus Oberhausen\/Dinslaken:<\/i><\/p>\n<p>&#8222;Atomkraft ist nicht beherrschbar. Diese Tatsache m\u00fcssen wir in Deutschland endlich anerkennen und den Ausstieg aus dieser Risikotechnologie so schnell wie m\u00f6glich vollziehen. Die \u00e4ltesten und gef\u00e4hrlichsten Meiler in Deutschland vom Netz zu nehmen, ist jetzt der erste und wichtigste Schritt. Aber wenn die schwarz-gelbe Bundesregierung ihren Ank\u00fcndigungen Taten folgen lassen will, muss sie daf\u00fcr auch rechtlich bindende Grundlagen schaffen.&#8220;<\/p>\n<p>Aus diesem Grunde fordert Groschek Frau Marie-Luise D\u00f6tt, CDU-Bundestagsabgeordnete aus Oberhausen\/Dinslaken und umweltpolitische Sprecherin ihrer Fraktion auf, die sofortige Abschaltung der acht Meiler zu unterst\u00fctzen. &#8222;Es muss nach den schrecklichen Ereignissen nun auch f\u00fcr die Regierungsfraktionen klar sein, dass wir uns nicht weiter dieser atomaren Gefahr aussetzen k\u00f6nnen. Ich hoffe daher, dass auch Frau D\u00f6tt f\u00fcr die nachhaltige Abschaltung stimmt&#8220;, so Groschek.<\/p>\n<p>Auch die NRW-Landesregierung blieb vor dem Hintergrund der tragischen Ereignisse in Japan nicht unt\u00e4tig. &#8222;Unsere Landesregierung hat eine Initiative in den Bundesrat eingebracht. Ministerpr\u00e4sidentin Hannelore Kraft wird am Freitag im Bundesrat daf\u00fcr werben, die Bundesl\u00e4nder ordentlich zu beteiligen und der Verl\u00e4ngerung der Atomlaufzeiten dauerhaft einen Riegel vorzuschieben&#8220;, so der NRWSPD Generalsekret\u00e4r Groschek.<\/p>\n","protected":false},"excerpt":{"rendered":"<p>Auf Antrag der SPD-Bundestagsfraktion findet morgen, dem 17.03.2011, im Deutschen Bundestag eine namentliche Abstimmung \u00fcber die Abschaltung der \u00e4ltesten acht Atomkraftwerke in Deutschland statt. Damit soll verhindert werden, dass die&hellip; <\/p>\n","protected":false},"author":1,"featured_media":0,"comment_status":"closed","ping_status":"closed","sticky":false,"template":"","format":"standard","meta":{"footnotes":""},"categories":[1],"tags":[],"quellen":[],"class_list":["post-846","post","type-post","status-publish","format-standard","hentry","category-allgemein"],"_links":{"self":[{"href":"https:\/\/meier-gerdingh.de\/wp-spd-ob\/wp-json\/wp\/v2\/posts\/846","targetHints":{"allow":["GET"]}}],"collection":[{"href":"https:\/\/meier-gerdingh.de\/wp-spd-ob\/wp-json\/wp\/v2\/posts"}],"about":[{"href":"https:\/\/meier-gerdingh.de\/wp-spd-ob\/wp-json\/wp\/v2\/types\/post"}],"author":[{"embeddable":true,"href":"https:\/\/meier-gerdingh.de\/wp-spd-ob\/wp-json\/wp\/v2\/users\/1"}],"replies":[{"embeddable":true,"href":"https:\/\/meier-gerdingh.de\/wp-spd-ob\/wp-json\/wp\/v2\/comments?post=846"}],"version-history":[{"count":0,"href":"https:\/\/meier-gerdingh.de\/wp-spd-ob\/wp-json\/wp\/v2\/posts\/846\/revisions"}],"wp:attachment":[{"href":"https:\/\/meier-gerdingh.de\/wp-spd-ob\/wp-json\/wp\/v2\/media?parent=846"}],"wp:term":[{"taxonomy":"category","embeddable":true,"href":"https:\/\/meier-gerdingh.de\/wp-spd-ob\/wp-json\/wp\/v2\/categories?post=846"},{"taxonomy":"post_tag","embeddable":true,"href":"https:\/\/meier-gerdingh.de\/wp-spd-ob\/wp-json\/wp\/v2\/tags?post=846"},{"taxonomy":"quellen","embeddable":true,"href":"https:\/\/meier-gerdingh.de\/wp-spd-ob\/wp-json\/wp\/v2\/quellen?post=846"}],"curies":[{"name":"wp","href":"https:\/\/api.w.org\/{rel}","templated":true}]}}