{"id":848,"date":"2011-03-23T17:00:00","date_gmt":"2011-03-23T15:00:00","guid":{"rendered":"http:\/\/www.meier-gerdingh.de\/spd-oberhausen\/wp\/?p=848"},"modified":"2017-05-16T13:48:59","modified_gmt":"2017-05-16T11:48:59","slug":"fukushima-heisst-alle-akws-abschalten","status":"publish","type":"post","link":"https:\/\/meier-gerdingh.de\/wp-spd-ob\/2011\/03\/23\/fukushima-heisst-alle-akws-abschalten\/","title":{"rendered":"Fukushima hei\u00dft: Alle AKWs abschalten!"},"content":{"rendered":"<p>Am kommenden Samstag, 26.03.2011, finden vier bundesweite Gro\u00dfdemonstrationen in Berlin, Hamburg, M\u00fcnchen und K\u00f6ln statt. Hunderttausende werden unter dem Motto &#8222;Fukushima mahnt: Alle AKWs abschalten!&#8220; ein dauerhaftes und schnelles Ende der Atomkraft in Deutschland einfordern. Auch die SPD mobilisiert breit. Von den Veranstaltungen soll auch f\u00fcr die Landtagswahlen am Sonntag ein klares Signal ausgehen, denn die Wahlen sind auch eine Richtungsentscheidung \u00fcber die k\u00fcnftige Energiepolitik in Deutschland.<!--more--><\/p>\n<p>Auf den Internetseiten <a class=\"normal\" href=\"http:\/\/www.ausgestrahlt.de\" target=\"_blank\" rel=\"noopener noreferrer\">http:\/\/www.ausgestrahlt.de<\/a> und <a class=\"normal\" href=\"http:\/\/anti-atom-demo.de\/\" target=\"_blank\" rel=\"noopener noreferrer\">http:\/\/anti-atom-demo.de<\/a> werden die Informationen zu den Veranstaltungen st\u00e4ndig aktualisiert.<\/p>\n<p>Hier die wichtigsten Daten:<\/p>\n<p><b>Gro\u00dfdemonstration in K\u00f6ln<br \/>\nFukushima hei\u00dft: Alle AKWs abschalten!<\/b><\/p>\n<p>Mit der K\u00f6lnSPD wurde f\u00fcr 13:15 Uhr ein <b>zentraler Treffpunkt<\/b> in unmittelbarer N\u00e4he des Kundgebungsgel\u00e4ndes <b>f\u00fcr alle Sozialdemokratinnen und Sozialdemokraten aus NRW<\/b> vereinbart:<\/p>\n<p><b>Gr\u00fcnfl\u00e4che Siegburger Str. \/ von Gablenz Str.,<br \/>\ndirekt an der U-Bahn-Station &#8222;Deutzer Freiheit&#8220; und am Fu\u00df der Deutzer Br\u00fccke.<\/b><\/p>\n<p>Hier der Google-Maps-Link zum Treffpunkt: <a class=\"normal\" href=\"http:\/\/tinyurl.com\/6gsmzzx\" target=\"_blank\" rel=\"noopener noreferrer\">Google Maps<\/a> (Gr\u00fcner Pfeil)<\/p>\n<p><b>Kundgebung Deutzer Werft<\/b><\/p>\n<p>13-14 Uhr: Vorprogramm<br \/>\n14-16 Uhr: Hauptkundgebung<br \/>\n14.15 Uhr: Schweigeminute f\u00fcr die Opfer in Japan<\/p>\n<p>F\u00fcr <b>musikalische Unterst\u00fctzung<\/b> sorgen:<\/p>\n<p>Klee,<br \/>\nKlaus der Geiger und Orchester,<br \/>\nWolf Maahn,<br \/>\nWilfried Schmickler (Kabarett)<\/p>\n<p>Auf der Internetseite <a class=\"normal\" href=\"http:\/\/www.ausgestrahlt.de\" target=\"_blank\" rel=\"noopener noreferrer\">http:\/\/www.ausgestrahlt.de<\/a> gibt es eine Karte, auf der Bus-Mitfahrgelegenheiten angeboten bzw. gesucht werden.<\/p>\n","protected":false},"excerpt":{"rendered":"<p>Am kommenden Samstag, 26.03.2011, finden vier bundesweite Gro\u00dfdemonstrationen in Berlin, Hamburg, M\u00fcnchen und K\u00f6ln statt. Hunderttausende werden unter dem Motto &#8222;Fukushima mahnt: Alle AKWs abschalten!&#8220; ein dauerhaftes und schnelles Ende&hellip; <\/p>\n","protected":false},"author":1,"featured_media":0,"comment_status":"closed","ping_status":"closed","sticky":false,"template":"","format":"standard","meta":{"footnotes":""},"categories":[1],"tags":[],"quellen":[],"class_list":["post-848","post","type-post","status-publish","format-standard","hentry","category-allgemein"],"_links":{"self":[{"href":"https:\/\/meier-gerdingh.de\/wp-spd-ob\/wp-json\/wp\/v2\/posts\/848","targetHints":{"allow":["GET"]}}],"collection":[{"href":"https:\/\/meier-gerdingh.de\/wp-spd-ob\/wp-json\/wp\/v2\/posts"}],"about":[{"href":"https:\/\/meier-gerdingh.de\/wp-spd-ob\/wp-json\/wp\/v2\/types\/post"}],"author":[{"embeddable":true,"href":"https:\/\/meier-gerdingh.de\/wp-spd-ob\/wp-json\/wp\/v2\/users\/1"}],"replies":[{"embeddable":true,"href":"https:\/\/meier-gerdingh.de\/wp-spd-ob\/wp-json\/wp\/v2\/comments?post=848"}],"version-history":[{"count":0,"href":"https:\/\/meier-gerdingh.de\/wp-spd-ob\/wp-json\/wp\/v2\/posts\/848\/revisions"}],"wp:attachment":[{"href":"https:\/\/meier-gerdingh.de\/wp-spd-ob\/wp-json\/wp\/v2\/media?parent=848"}],"wp:term":[{"taxonomy":"category","embeddable":true,"href":"https:\/\/meier-gerdingh.de\/wp-spd-ob\/wp-json\/wp\/v2\/categories?post=848"},{"taxonomy":"post_tag","embeddable":true,"href":"https:\/\/meier-gerdingh.de\/wp-spd-ob\/wp-json\/wp\/v2\/tags?post=848"},{"taxonomy":"quellen","embeddable":true,"href":"https:\/\/meier-gerdingh.de\/wp-spd-ob\/wp-json\/wp\/v2\/quellen?post=848"}],"curies":[{"name":"wp","href":"https:\/\/api.w.org\/{rel}","templated":true}]}}