{"id":849,"date":"2011-03-23T17:00:00","date_gmt":"2011-03-23T15:00:00","guid":{"rendered":"http:\/\/www.meier-gerdingh.de\/spd-oberhausen\/wp\/?p=849"},"modified":"2017-05-16T13:49:21","modified_gmt":"2017-05-16T11:49:21","slug":"spd-und-gruene-fordern-stromversorgung-ohne-atomenergie","status":"publish","type":"post","link":"https:\/\/meier-gerdingh.de\/wp-spd-ob\/2011\/03\/23\/spd-und-gruene-fordern-stromversorgung-ohne-atomenergie\/","title":{"rendered":"SPD und Gr\u00fcne fordern Stromversorgung ohne Atomenergie"},"content":{"rendered":"<p>SPD und Gr\u00fcne fordern, dass die Stadt Oberhausen ihren Strombedarf ohne Atomstrom deckt. &#8222;Wir fordern den schnellstm\u00f6glichen Ausstieg aus der Atomenergie und hierzu muss auch die Stadt Oberhausen einen Beitrag leisten&#8220;, erkl\u00e4rten die Fraktionsvorsitzenden von SPD und Gr\u00fcnen Wolfgang Gro\u00dfe Br\u00f6mer und Volker Wilke. Um dies zu erreichen, forderten sie, bei der anstehenden Ausschreibung der Stromliefervertr\u00e4ge durch die OGM eine Klausel aufzunehmen, die sicher stellt, dass der Strombedarf der Stadt ohne Atomenergie gedeckt wird.<!--more--><\/p>\n<p>Stefan Zimkeit und Manfred Lorentschat, die Vertreter von SPD und Gr\u00fcnen im Aufsichtsrat der OGM, k\u00fcndigten an, einen entsprechenden Vorschlag in die n\u00e4chste Aufsichtsratssitzung der OGM einzubringen: &#8222;Wir wollen sicher stellen, dass es einen Stromtarif gibt, der den Ausstieg aus der Atomenergie und das Umsteuern zu erneuerbaren Energiequellen unterst\u00fctzt.&#8220;<\/p>\n<p>Es darf nach Ansicht der rot-gr\u00fcnen Koalition in Oberhausen nicht bei einem dreimonatigen Moratorium und bei der befristeten Abschaltung von alten Atomkraftwerken bleiben. &#8222;Wir fordern, die acht \u00e4ltesten und unsichersten Kraftwerke dauerhaft vom Netz zu nehmen, die Laufzeitverl\u00e4ngerung f\u00fcr Atomkraftwerke umgehend zur\u00fcck zu nehmen und den schnellstm\u00f6glichen Umstieg zu alternativen Energien voran zu treiben&#8220;, so Gro\u00dfe Br\u00f6mer und Wilke.<\/p>\n<p>Der Verzicht auf Atomstrom durch die Stadt Oberhausen sei hierzu ein wichtiger Beitrag. SPD und Gr\u00fcne hoffen, dass dies auch eine Vorbildfunktion f\u00fcr viele Oberhausenerinnen und Oberhausener hat: Wir fordern alle B\u00fcrgerinnen und B\u00fcrger in Oberhausen auf zu pr\u00fcfen, ob sie auf einen Stromtarif ohne Atomstrom umsteigen k\u00f6nnen.<\/p>\n","protected":false},"excerpt":{"rendered":"<p>SPD und Gr\u00fcne fordern, dass die Stadt Oberhausen ihren Strombedarf ohne Atomstrom deckt. &#8222;Wir fordern den schnellstm\u00f6glichen Ausstieg aus der Atomenergie und hierzu muss auch die Stadt Oberhausen einen Beitrag&hellip; <\/p>\n","protected":false},"author":1,"featured_media":0,"comment_status":"closed","ping_status":"closed","sticky":false,"template":"","format":"standard","meta":{"footnotes":""},"categories":[1],"tags":[],"quellen":[],"class_list":["post-849","post","type-post","status-publish","format-standard","hentry","category-allgemein"],"_links":{"self":[{"href":"https:\/\/meier-gerdingh.de\/wp-spd-ob\/wp-json\/wp\/v2\/posts\/849","targetHints":{"allow":["GET"]}}],"collection":[{"href":"https:\/\/meier-gerdingh.de\/wp-spd-ob\/wp-json\/wp\/v2\/posts"}],"about":[{"href":"https:\/\/meier-gerdingh.de\/wp-spd-ob\/wp-json\/wp\/v2\/types\/post"}],"author":[{"embeddable":true,"href":"https:\/\/meier-gerdingh.de\/wp-spd-ob\/wp-json\/wp\/v2\/users\/1"}],"replies":[{"embeddable":true,"href":"https:\/\/meier-gerdingh.de\/wp-spd-ob\/wp-json\/wp\/v2\/comments?post=849"}],"version-history":[{"count":0,"href":"https:\/\/meier-gerdingh.de\/wp-spd-ob\/wp-json\/wp\/v2\/posts\/849\/revisions"}],"wp:attachment":[{"href":"https:\/\/meier-gerdingh.de\/wp-spd-ob\/wp-json\/wp\/v2\/media?parent=849"}],"wp:term":[{"taxonomy":"category","embeddable":true,"href":"https:\/\/meier-gerdingh.de\/wp-spd-ob\/wp-json\/wp\/v2\/categories?post=849"},{"taxonomy":"post_tag","embeddable":true,"href":"https:\/\/meier-gerdingh.de\/wp-spd-ob\/wp-json\/wp\/v2\/tags?post=849"},{"taxonomy":"quellen","embeddable":true,"href":"https:\/\/meier-gerdingh.de\/wp-spd-ob\/wp-json\/wp\/v2\/quellen?post=849"}],"curies":[{"name":"wp","href":"https:\/\/api.w.org\/{rel}","templated":true}]}}