{"id":85,"date":"2001-08-27T16:00:00","date_gmt":"2001-08-27T14:00:00","guid":{"rendered":"http:\/\/www.meier-gerdingh.de\/spd-oberhausen\/wp\/?p=85"},"modified":"2017-05-12T11:02:18","modified_gmt":"2017-05-12T09:02:18","slug":"metrorapid-nicht-durch-alstaden-fuehren","status":"publish","type":"post","link":"https:\/\/meier-gerdingh.de\/wp-spd-ob\/2001\/08\/27\/metrorapid-nicht-durch-alstaden-fuehren\/","title":{"rendered":"Metrorapid nicht durch Alstaden f\u00fchren"},"content":{"rendered":"<div style=\"width: 150px\" class=\"wp-caption alignleft\"><a href=\"http:\/\/meier-gerdingh.de\/wp-spd-ob\/wp-content\/uploads\/grosse_broemer_rede.jpg\"><img decoding=\"async\" class=\"size-full\" src=\"http:\/\/meier-gerdingh.de\/wp-spd-ob\/wp-content\/uploads\/grosse_broemer_rede.jpg\" alt=\"\" width=\"140\" height=\"186\" \/><\/a><p class=\"wp-caption-text\">Wolfgang Gro\u00dfe Br\u00f6mer<\/p><\/div>\n<p>Die aktuelle Berichterstattung \u00fcber die Metrorapid-Planung in der Bezirksvertretung Alt-Oberhausen nimmt MdL Wolfgang Gro\u00dfe Br\u00f6mer zum Anlass, einen eindringlichen Appell an Ernst Schwanhold, den Verkehrsminister von NRW, zu richten. In dem Brief, der in Durchschrift auch an die SPD-Mitglieder im Unterausschuss Metrorapid gesandt wurde, hei\u00dft es w\u00f6rtlich: &#8222;Grundprinzip verantwortungsbewusster Politik war und ist die Akzeptanz von Entscheidungen in der betroffenen Bev\u00f6lkerung. Ein innovatives Projekt wie der Metrorapid verliert diese Akzeptanz, wenn es zu unzumutbaren Belastungen der Anwohner im Trassenbereich f\u00fchrt.&#8220;<!--more--><\/p>\n<p>MdL Gro\u00dfe Br\u00f6mer erinnert in diesem Zusammenhang daran, dass sich Planungsausschuss und Rat der Stadt Oberhausen bereits im Januar des Jahres mit der Trassenthematik befasst haben.<\/p>\n<p>Mit gro\u00dfer \u00dcbereinstimmung wurde in den Gremien zwar grunds\u00e4tzlich der Metrorapid als Beitrag zum Strukturwandel im Ruhrgebiet begr\u00fc\u00dft. Jedoch wurde gleichzeitig auch die Trassenvariante durch den Wohnbereich des Stadtteils Alstaden einhellig abgelehnt. Die Alternativtrasse parallel zur bestehenden Strecke der S-Bahn-Linien 1 und 21 fand dagegen die ausdr\u00fcckliche Zustimmung. Seinerzeit wurde die Verwaltung beauftragt, dieses Meinungsbild dem Verkehrsministerium mitzuteilen.<\/p>\n<p>Vor dem Hintergrund, dass das beauftragte Planungsb\u00fcro seinen Vorschlag f\u00fcr die Pr\u00e4ferenzstrecke am 6. September in D\u00fcsseldorf vorstellen wird, appelliert Gro\u00dfe Br\u00f6mer eindringlich an Minister Schwanhold sowie an die Mitglieder des Unterausschusses, bei der Entscheidung \u00fcber den endg\u00fcltigen Trassenvorschlag die Streckenf\u00fchrung durch Alstaden strikt abzulehnen.<\/p>\n<p>Gro\u00dfe Br\u00f6mer: &#8222;Eine Metrorapid-Strecke, die quer durch ein dicht bebautes Gebiet f\u00fchrt, eine landschaftlich gesch\u00fctzte Fl\u00e4che kreuzt und den Ortsteil Alstaden durch die Abbindung von Verbindungsstra\u00dfen in zwei Teile trennt, w\u00e4re nicht hinnehmbar und w\u00fcrde auf den massiven Widerstand der Alstadener Bev\u00f6lkerung sto\u00dfen.&#8220;<\/p>\n","protected":false},"excerpt":{"rendered":"<p>Die aktuelle Berichterstattung \u00fcber die Metrorapid-Planung in der Bezirksvertretung Alt-Oberhausen nimmt MdL Wolfgang Gro\u00dfe Br\u00f6mer zum Anlass, einen eindringlichen Appell an Ernst Schwanhold, den Verkehrsminister von NRW, zu richten. In&hellip; <\/p>\n","protected":false},"author":1,"featured_media":0,"comment_status":"closed","ping_status":"closed","sticky":false,"template":"","format":"standard","meta":{"footnotes":""},"categories":[1],"tags":[],"quellen":[],"class_list":["post-85","post","type-post","status-publish","format-standard","hentry","category-allgemein"],"_links":{"self":[{"href":"https:\/\/meier-gerdingh.de\/wp-spd-ob\/wp-json\/wp\/v2\/posts\/85","targetHints":{"allow":["GET"]}}],"collection":[{"href":"https:\/\/meier-gerdingh.de\/wp-spd-ob\/wp-json\/wp\/v2\/posts"}],"about":[{"href":"https:\/\/meier-gerdingh.de\/wp-spd-ob\/wp-json\/wp\/v2\/types\/post"}],"author":[{"embeddable":true,"href":"https:\/\/meier-gerdingh.de\/wp-spd-ob\/wp-json\/wp\/v2\/users\/1"}],"replies":[{"embeddable":true,"href":"https:\/\/meier-gerdingh.de\/wp-spd-ob\/wp-json\/wp\/v2\/comments?post=85"}],"version-history":[{"count":0,"href":"https:\/\/meier-gerdingh.de\/wp-spd-ob\/wp-json\/wp\/v2\/posts\/85\/revisions"}],"wp:attachment":[{"href":"https:\/\/meier-gerdingh.de\/wp-spd-ob\/wp-json\/wp\/v2\/media?parent=85"}],"wp:term":[{"taxonomy":"category","embeddable":true,"href":"https:\/\/meier-gerdingh.de\/wp-spd-ob\/wp-json\/wp\/v2\/categories?post=85"},{"taxonomy":"post_tag","embeddable":true,"href":"https:\/\/meier-gerdingh.de\/wp-spd-ob\/wp-json\/wp\/v2\/tags?post=85"},{"taxonomy":"quellen","embeddable":true,"href":"https:\/\/meier-gerdingh.de\/wp-spd-ob\/wp-json\/wp\/v2\/quellen?post=85"}],"curies":[{"name":"wp","href":"https:\/\/api.w.org\/{rel}","templated":true}]}}