{"id":850,"date":"2011-03-25T17:00:00","date_gmt":"2011-03-25T15:00:00","guid":{"rendered":"http:\/\/www.meier-gerdingh.de\/spd-oberhausen\/wp\/?p=850"},"modified":"2017-05-16T13:48:41","modified_gmt":"2017-05-16T11:48:41","slug":"alle-reden-ueber-wehrpflicht-nur-keiner-geht-hin","status":"publish","type":"post","link":"https:\/\/meier-gerdingh.de\/wp-spd-ob\/2011\/03\/25\/alle-reden-ueber-wehrpflicht-nur-keiner-geht-hin\/","title":{"rendered":"Alle reden \u00fcber Wehrpflicht, nur keiner geht hin"},"content":{"rendered":"<div style=\"width: 150px\" class=\"wp-caption alignleft\"><a href=\"http:\/\/meier-gerdingh.de\/wp-spd-ob\/wp-content\/uploads\/groschek_michael_09.jpg\"><img decoding=\"async\" class=\"size-full\" src=\"http:\/\/meier-gerdingh.de\/wp-spd-ob\/wp-content\/uploads\/groschek_michael_09.jpg\" alt=\"Michael Groschek ist Generalsekret\u00e4r der NRWSPD und Mitglied des Bundestages f\u00fcr Oberhausen und Dinslaken\" width=\"140\" height=\"186\" \/><\/a><p class=\"wp-caption-text\">Michael Groschek ist Generalsekret\u00e4r der NRWSPD und Mitglied des Bundestages f\u00fcr Oberhausen und Dinslaken<\/p><\/div>\n<p><i>Diese Woche beschloss der Bundestag die Aussetzung der Wehrpflicht. Aus diesem Anlass besuchte der Generalsekret\u00e4r der NRWSPD und Mitglied des Verteidigungsausschusses im Deutschen Bundestag Michael Groschek, das Gel\u00f6bnis der letzten Grundwehrdienstleistenden in Eschweiler.<\/i><\/p>\n<p>&#8222;Die Rekruten waren bunt gemischt wie unsere Nationalmannschaft. Durch die Anwesenheit der Eltern und G\u00e4ste war die Veranstaltung ein fr\u00f6hliches Fest und keine staubtrockene Veranstaltung. Zudem kann man nur vor Ort erfahren, wie die Weichen f\u00fcr die Zukunft der Bundeswehr richtig zu stellen sind.&#8220;<!--more--><\/p>\n<p>Groschek kritisiert die bisherigen \u00fcberhasteten Reformvorschl\u00e4ge der Bundesregierung: &#8222;Eine Bundeswehrreform, getrieben von der Kassenlage, wird nicht gelingen.&#8220; Nicht zuletzt aus diesem Grund besucht der Abgeordnete regelm\u00e4\u00dfig Standorte der Bundeswehr, um sich ein Bild von den Soldaten und deren Bed\u00fcrfnisse zu machen.<\/p>\n<p>Nach der Aussetzung der Wehrpflicht bleibt bisher im Unklaren, wie die Verankerung der Bundeswehr in der Gesellschaft gew\u00e4hrleistet werden kann. Au\u00dferdem bleibt bisher im Unklaren wie es bei den Freiwilligendiensten weitergehen soll. &#8222;Um dieses Thema k\u00fcmmere ich mich als Verteidigungspolitiker nun auch verst\u00e4rkt&#8220;, so Michael Groschek abschlie\u00dfend.<\/p>\n","protected":false},"excerpt":{"rendered":"<p>Diese Woche beschloss der Bundestag die Aussetzung der Wehrpflicht. Aus diesem Anlass besuchte der Generalsekret\u00e4r der NRWSPD und Mitglied des Verteidigungsausschusses im Deutschen Bundestag Michael Groschek, das Gel\u00f6bnis der letzten&hellip; <\/p>\n","protected":false},"author":1,"featured_media":0,"comment_status":"closed","ping_status":"closed","sticky":false,"template":"","format":"standard","meta":{"footnotes":""},"categories":[1],"tags":[],"quellen":[],"class_list":["post-850","post","type-post","status-publish","format-standard","hentry","category-allgemein"],"_links":{"self":[{"href":"https:\/\/meier-gerdingh.de\/wp-spd-ob\/wp-json\/wp\/v2\/posts\/850","targetHints":{"allow":["GET"]}}],"collection":[{"href":"https:\/\/meier-gerdingh.de\/wp-spd-ob\/wp-json\/wp\/v2\/posts"}],"about":[{"href":"https:\/\/meier-gerdingh.de\/wp-spd-ob\/wp-json\/wp\/v2\/types\/post"}],"author":[{"embeddable":true,"href":"https:\/\/meier-gerdingh.de\/wp-spd-ob\/wp-json\/wp\/v2\/users\/1"}],"replies":[{"embeddable":true,"href":"https:\/\/meier-gerdingh.de\/wp-spd-ob\/wp-json\/wp\/v2\/comments?post=850"}],"version-history":[{"count":0,"href":"https:\/\/meier-gerdingh.de\/wp-spd-ob\/wp-json\/wp\/v2\/posts\/850\/revisions"}],"wp:attachment":[{"href":"https:\/\/meier-gerdingh.de\/wp-spd-ob\/wp-json\/wp\/v2\/media?parent=850"}],"wp:term":[{"taxonomy":"category","embeddable":true,"href":"https:\/\/meier-gerdingh.de\/wp-spd-ob\/wp-json\/wp\/v2\/categories?post=850"},{"taxonomy":"post_tag","embeddable":true,"href":"https:\/\/meier-gerdingh.de\/wp-spd-ob\/wp-json\/wp\/v2\/tags?post=850"},{"taxonomy":"quellen","embeddable":true,"href":"https:\/\/meier-gerdingh.de\/wp-spd-ob\/wp-json\/wp\/v2\/quellen?post=850"}],"curies":[{"name":"wp","href":"https:\/\/api.w.org\/{rel}","templated":true}]}}