{"id":851,"date":"2011-03-30T16:00:00","date_gmt":"2011-03-30T14:00:00","guid":{"rendered":"http:\/\/www.meier-gerdingh.de\/spd-oberhausen\/wp\/?p=851"},"modified":"2017-05-16T13:48:29","modified_gmt":"2017-05-16T11:48:29","slug":"interessierte-jugendliche-koennen-sich-noch-bis-14-april-bewerben","status":"publish","type":"post","link":"https:\/\/meier-gerdingh.de\/wp-spd-ob\/2011\/03\/30\/interessierte-jugendliche-koennen-sich-noch-bis-14-april-bewerben\/","title":{"rendered":"Interessierte Jugendliche k\u00f6nnen sich noch bis 14.&nbsp;April bewerben"},"content":{"rendered":"<p><a href=\"http:\/\/meier-gerdingh.de\/wp-spd-ob\/wp-content\/uploads\/landtagganz1.jpg\"><img decoding=\"async\" class=\"size-full alignleft\" src=\"http:\/\/meier-gerdingh.de\/wp-spd-ob\/wp-content\/uploads\/landtagganz1.jpg\" alt=\"\" width=\"140\" height=\"187\" \/><\/a>Bereits zum vierten Mal kommen in diesem Sommer Jugendliche aus ganz Nordrhein-Westfalen im D\u00fcsseldorfer Landtag zusammen, um sich als Landespolitiker zu versuchen. Die Bewerbungsfrist f\u00fcr den Jugend-Landtag NRW wurde nun verl\u00e4ngert. Interessierte Jugendliche zwischen 16 und 20 Jahren haben noch bis zum 14. April Gelegenheit, sich f\u00fcr die Teilnahme am diesj\u00e4hrigen Jugend-Landtag zu bewerben.<!--more--><\/p>\n<p>Vom 14. bis 16. Juli werden die jungen Leute \u00fcber aktuelle Themen der Landespolitik debattieren und Beschl\u00fcsse fassen, die anschlie\u00dfend in den Fachaussch\u00fcssen des realen Landtags beraten werden. Die Kosten f\u00fcr \u00dcbernachtung, Verpflegung und das Begleitprogramm in der Landeshauptstadt tr\u00e4gt der Landtag.<\/p>\n<p>Wer die Oberhausener Abgeordneten Wolfgang Gro\u00dfe Br\u00f6mer und Stefan Zimkeit im Landtag vertreten m\u00f6chte schickt bis zum 15. April 2011 eine E-Mail mit Adresse, Altersangabe und einer kurzen Begr\u00fcndung f\u00fcr die Bewerbung an:<\/p>\n<p><b><a class=\"normal\" href=\"mailto:oliver.schreiber@spd-oberhausen.de\">oliver.schreiber@spd-oberhausen.de<\/a><\/b><\/p>\n<p>Weitere Informationen zum Jugend-Landtag sind erh\u00e4ltlich \u00fcber die<\/p>\n<p><b>Pressestelle des Landtags,<br \/>\nSachbereich &#8222;Jugend und Parlament&#8220;,<br \/>\nTelefon: 0211\/884-2450,<br \/>\nE-Mail: <a class=\"normal\" href=\"mailto:dietsch@landtag.nrw.de\">dietsch@landtag.nrw.de<\/a><\/b><\/p>\n","protected":false},"excerpt":{"rendered":"<p>Bereits zum vierten Mal kommen in diesem Sommer Jugendliche aus ganz Nordrhein-Westfalen im D\u00fcsseldorfer Landtag zusammen, um sich als Landespolitiker zu versuchen. Die Bewerbungsfrist f\u00fcr den Jugend-Landtag NRW wurde nun&hellip; <\/p>\n","protected":false},"author":1,"featured_media":0,"comment_status":"closed","ping_status":"closed","sticky":false,"template":"","format":"standard","meta":{"footnotes":""},"categories":[1],"tags":[],"quellen":[],"class_list":["post-851","post","type-post","status-publish","format-standard","hentry","category-allgemein"],"_links":{"self":[{"href":"https:\/\/meier-gerdingh.de\/wp-spd-ob\/wp-json\/wp\/v2\/posts\/851","targetHints":{"allow":["GET"]}}],"collection":[{"href":"https:\/\/meier-gerdingh.de\/wp-spd-ob\/wp-json\/wp\/v2\/posts"}],"about":[{"href":"https:\/\/meier-gerdingh.de\/wp-spd-ob\/wp-json\/wp\/v2\/types\/post"}],"author":[{"embeddable":true,"href":"https:\/\/meier-gerdingh.de\/wp-spd-ob\/wp-json\/wp\/v2\/users\/1"}],"replies":[{"embeddable":true,"href":"https:\/\/meier-gerdingh.de\/wp-spd-ob\/wp-json\/wp\/v2\/comments?post=851"}],"version-history":[{"count":0,"href":"https:\/\/meier-gerdingh.de\/wp-spd-ob\/wp-json\/wp\/v2\/posts\/851\/revisions"}],"wp:attachment":[{"href":"https:\/\/meier-gerdingh.de\/wp-spd-ob\/wp-json\/wp\/v2\/media?parent=851"}],"wp:term":[{"taxonomy":"category","embeddable":true,"href":"https:\/\/meier-gerdingh.de\/wp-spd-ob\/wp-json\/wp\/v2\/categories?post=851"},{"taxonomy":"post_tag","embeddable":true,"href":"https:\/\/meier-gerdingh.de\/wp-spd-ob\/wp-json\/wp\/v2\/tags?post=851"},{"taxonomy":"quellen","embeddable":true,"href":"https:\/\/meier-gerdingh.de\/wp-spd-ob\/wp-json\/wp\/v2\/quellen?post=851"}],"curies":[{"name":"wp","href":"https:\/\/api.w.org\/{rel}","templated":true}]}}