{"id":8558,"date":"2021-10-31T13:34:29","date_gmt":"2021-10-31T12:34:29","guid":{"rendered":"https:\/\/meier-gerdingh.de\/wp-spd-ob\/?p=8558"},"modified":"2021-11-02T13:38:34","modified_gmt":"2021-11-02T12:38:34","slug":"alexis-heitmann-weiter-an-der-spitze-der-spd-in-alstaden-und-lirich","status":"publish","type":"post","link":"https:\/\/meier-gerdingh.de\/wp-spd-ob\/2021\/10\/31\/alexis-heitmann-weiter-an-der-spitze-der-spd-in-alstaden-und-lirich\/","title":{"rendered":"Alexis Heitmann weiter an der Spitze der SPD in Alstaden und Lirich"},"content":{"rendered":"<div id=\"attachment_8051\" style=\"width: 190px\" class=\"wp-caption alignleft\"><a href=\"https:\/\/meier-gerdingh.de\/wp-spd-ob\/wp-content\/uploads\/2021\/03\/ov-west-heitmann-alexis-lg.jpg\"><img aria-describedby=\"caption-attachment-8051\" decoding=\"async\" class=\"size-full wp-image-8051\" src=\"https:\/\/meier-gerdingh.de\/wp-spd-ob\/wp-content\/uploads\/2021\/03\/ov-west-heitmann-alexis.jpg\" alt=\"\" width=\"180\" height=\"180\" srcset=\"https:\/\/meier-gerdingh.de\/wp-spd-ob\/wp-content\/uploads\/2021\/03\/ov-west-heitmann-alexis.jpg 180w, https:\/\/meier-gerdingh.de\/wp-spd-ob\/wp-content\/uploads\/2021\/03\/ov-west-heitmann-alexis-150x150.jpg 150w\" sizes=\"(max-width: 180px) 100vw, 180px\" \/><\/a><p id=\"caption-attachment-8051\" class=\"wp-caption-text\">Alexis Heitmann ist Vorsitzender des SPD-Ortsvereins Oberhausen-West<\/p><\/div>\n<p>Im Zuge der diesj\u00e4hrigen Jahreshauptversammlung des SPD-Ortsvereins Oberhausen-West wurde Alexis Heitmann als Ortsvereinsvorsitzender wiedergew\u00e4hlt. Knapp 90 % der Mitglieder sprachen ihm bei der Wahl das Vertrauen aus. Der 40j\u00e4hrige leitet die SPD in Alstaden und Lirich seit Anfang 2020. Als Stellvertreterin wurde die Landtagsabgeordnete Sonja Bongers, als Stellvertreter Ralf Bohnes im Amt best\u00e4tigt, beide mit ebenfalls starken Wahlergebnissen.<\/p>\n<p>Heitmann freute sich in seiner Rede \u00fcber die vielen neuen und jungen Gesichter bei der Versammlung. In den zur\u00fcckliegenden anderthalb Jahren seien insgesamt 15 neue Mitglieder in den Ortsverein eingetreten. &#8222;Richtig toll ist, dass viele der jungen Genossinnen und Genossen nicht nur eintreten wollen, sondern gleich kr\u00e4ftig anpacken und den Anspruch mitbringen, ihre Ideen in die politischen Prozesse einzubringen. Das tut uns allen absolut gut, denn naturgem\u00e4\u00df hat eine 20j\u00e4hrige einen ganz anderen Blick auf die Dinge als ein 50j\u00e4hriger!&#8220;, wusste der wiedergew\u00e4hlte Vorsitzende im Anschluss an die Versammlung zu berichten.<!--more--><\/p>\n<p>Heitmann blickte zufrieden auf die zur\u00fcckliegende Bundestagswahl zur\u00fcck. Mit den vielen, teils unkonventionellen Wahlkampfaktionen sei es gelungen, im Stadtteil wahrgenommen zu werden. Dadurch sei es nach der Kommunalwahl ein weiteres Mal m\u00f6glich gewesen, die Wahlergebnisse in Alstaden und Lirich zu steigern.<\/p>\n<p>Mit Blick auf das erhoffte Ende der Corona-Pandemie mahnte Heitmann an, in den n\u00e4chsten Monaten wieder verst\u00e4rkt den Dialog mit den B\u00fcrgerinnen und B\u00fcrgern zu suchen. &#8222;Corona hat unsere Arbeit stark eingeschr\u00e4nkt, auch wenn wir versucht haben, das bestm\u00f6glich auszugleichen, etwa durch den verst\u00e4rkten Einsatz von Onlineformaten. Aber kein Onlinetool kann das direkte Gespr\u00e4ch ersetzen&#8220;, erkl\u00e4rte Heitmann.<\/p>\n<p>In den neuen <strong>Ortsvereinsvorstand<\/strong> wurden au\u00dferdem gew\u00e4hlt: <strong>Manfred Ecker<\/strong> und <strong>Jill Wasiak<\/strong> in der <strong>Schriftf\u00fchrung<\/strong>, <strong>Sascha B\u00f6hle<\/strong> und <strong>Michael Fendrich<\/strong> als <strong>Kassierer<\/strong>. Als <strong>Besitzerin bzw. Beisitzer<\/strong> arbeiten im Leitungsteam des Ortsvereins k\u00fcnftig <strong>Maximilian A\u00dfenmacher<\/strong>, <strong>Gionatan De Castro<\/strong>, <strong>Dagmar Heitmann<\/strong>, <strong>Denise Horn<\/strong>, <strong>Sandra Jungmaier<\/strong>, <strong>Jutta Klu\u00df<\/strong>, <strong>Michael Kreutz<\/strong>, <strong>Vincent Lindemann<\/strong>, <strong>Dietmar Look<\/strong> und <strong>B\u00fclent \u015eahin<\/strong>.<\/p>\n","protected":false},"excerpt":{"rendered":"<p>Im Zuge der diesj\u00e4hrigen Jahreshauptversammlung des SPD-Ortsvereins Oberhausen-West wurde Alexis Heitmann als Ortsvereinsvorsitzender wiedergew\u00e4hlt. Knapp 90 % der Mitglieder sprachen ihm bei der Wahl das Vertrauen aus. Der 40j\u00e4hrige leitet&hellip; <\/p>\n","protected":false},"author":1,"featured_media":0,"comment_status":"closed","ping_status":"closed","sticky":false,"template":"","format":"standard","meta":{"footnotes":""},"categories":[173],"tags":[134,2848,3012,2463,152,71,183,3010,681,3011],"quellen":[335],"class_list":["post-8558","post","type-post","status-publish","format-standard","hentry","category-parteileben","tag-alstaden","tag-bundestagswahl-2021","tag-buergerdialog","tag-corona-pandemie","tag-delegiertenwahlen","tag-jahreshauptversammlung","tag-lirich","tag-neumitglieder","tag-vorstandswahlen","tag-wahlkaempfe","quellen-ov-west"],"_links":{"self":[{"href":"https:\/\/meier-gerdingh.de\/wp-spd-ob\/wp-json\/wp\/v2\/posts\/8558","targetHints":{"allow":["GET"]}}],"collection":[{"href":"https:\/\/meier-gerdingh.de\/wp-spd-ob\/wp-json\/wp\/v2\/posts"}],"about":[{"href":"https:\/\/meier-gerdingh.de\/wp-spd-ob\/wp-json\/wp\/v2\/types\/post"}],"author":[{"embeddable":true,"href":"https:\/\/meier-gerdingh.de\/wp-spd-ob\/wp-json\/wp\/v2\/users\/1"}],"replies":[{"embeddable":true,"href":"https:\/\/meier-gerdingh.de\/wp-spd-ob\/wp-json\/wp\/v2\/comments?post=8558"}],"version-history":[{"count":0,"href":"https:\/\/meier-gerdingh.de\/wp-spd-ob\/wp-json\/wp\/v2\/posts\/8558\/revisions"}],"wp:attachment":[{"href":"https:\/\/meier-gerdingh.de\/wp-spd-ob\/wp-json\/wp\/v2\/media?parent=8558"}],"wp:term":[{"taxonomy":"category","embeddable":true,"href":"https:\/\/meier-gerdingh.de\/wp-spd-ob\/wp-json\/wp\/v2\/categories?post=8558"},{"taxonomy":"post_tag","embeddable":true,"href":"https:\/\/meier-gerdingh.de\/wp-spd-ob\/wp-json\/wp\/v2\/tags?post=8558"},{"taxonomy":"quellen","embeddable":true,"href":"https:\/\/meier-gerdingh.de\/wp-spd-ob\/wp-json\/wp\/v2\/quellen?post=8558"}],"curies":[{"name":"wp","href":"https:\/\/api.w.org\/{rel}","templated":true}]}}