{"id":8583,"date":"2021-11-02T20:50:04","date_gmt":"2021-11-02T19:50:04","guid":{"rendered":"https:\/\/meier-gerdingh.de\/wp-spd-ob\/?p=8583"},"modified":"2021-11-03T20:52:08","modified_gmt":"2021-11-03T19:52:08","slug":"land-foerdert-ehrenamt-in-oberhausen-projektfoerderungen-koennen-online-beantragt-werden","status":"publish","type":"post","link":"https:\/\/meier-gerdingh.de\/wp-spd-ob\/2021\/11\/02\/land-foerdert-ehrenamt-in-oberhausen-projektfoerderungen-koennen-online-beantragt-werden\/","title":{"rendered":"Land f\u00f6rdert Ehrenamt in Oberhausen \u2013 Projektf\u00f6rderungen k\u00f6nnen online beantragt werden"},"content":{"rendered":"<div id=\"attachment_7690\" style=\"width: 170px\" class=\"wp-caption alignleft\"><a href=\"https:\/\/meier-gerdingh.de\/wp-spd-ob\/wp-content\/uploads\/2020\/11\/bongers-sonja-2020-lg.jpg\"><img aria-describedby=\"caption-attachment-7690\" decoding=\"async\" class=\"size-full wp-image-7690\" src=\"https:\/\/meier-gerdingh.de\/wp-spd-ob\/wp-content\/uploads\/2020\/11\/bongers-sonja-2020.jpg\" alt=\"\" width=\"160\" height=\"200\" \/><\/a><p id=\"caption-attachment-7690\" class=\"wp-caption-text\">Sonja Bongers ist Vorsitzende der SPD-Ratsfraktion und Mitglied des Landtags von Nordrhein-Westfalen<\/p><\/div>\n<p>Die SPD-Landtagsabgeordnete hat mit Freude das F\u00f6rderprogramm des Landes NRW f\u00fcr das Ehrenamt zur Kenntnis genommen, welches jetzt auch in der Stadt Oberhausen umgesetzt wird. &#8222;Das sind gute Nachrichten f\u00fcr das Ehrenamt in unserer Stadt. Mit dem Geld k\u00f6nnen engagierte B\u00fcrger nun Projekte initiieren, die allen n\u00fctzen. Das kann vom Adventscaf\u00e9 f\u00fcr Seniorinnen und Senioren bis hin zu Nachbarschaftshilfen alles sein, was der Gemeinschaft n\u00fctzt&#8220;, sagte Bongers.<\/p>\n<p>Unter dem Motto &#8222;Gemeinschaft gestalten &#8211; engagierte Nachbarschaft leben&#8220; flie\u00dfen bis 2024 rund 29.000 Euro in Projekte, die sich mit dem Thema besch\u00e4ftigen. Die H\u00f6he der F\u00f6rdergelder wird nach einem bestimmten Verteilungsschl\u00fcssel vergeben, bei dem die Einwohnerstatistik zugrunde gelegt wird.<!--more--><\/p>\n<p>Antragsberechtigt sind Vereine, B\u00fcrger und Initiativen. Jedes Jahr wird pro Antragsteller ein Projekt gef\u00f6rdert. Die F\u00f6rdermindestsumme betr\u00e4gt 1000 Euro. Die Antragstellung erfolgt unter www.engagementfoerderung.nrw \u00fcbers Internet.<\/p>\n","protected":false},"excerpt":{"rendered":"<p>Die SPD-Landtagsabgeordnete hat mit Freude das F\u00f6rderprogramm des Landes NRW f\u00fcr das Ehrenamt zur Kenntnis genommen, welches jetzt auch in der Stadt Oberhausen umgesetzt wird. &#8222;Das sind gute Nachrichten f\u00fcr&hellip; <\/p>\n","protected":false},"author":1,"featured_media":0,"comment_status":"closed","ping_status":"closed","sticky":false,"template":"","format":"standard","meta":{"footnotes":""},"categories":[596,216],"tags":[3021],"quellen":[1317],"class_list":["post-8583","post","type-post","status-publish","format-standard","hentry","category-ehrenamtliches-engagement","category-land","tag-foerderprogramm-ehrenamt","quellen-mdl-sonja-bongers"],"_links":{"self":[{"href":"https:\/\/meier-gerdingh.de\/wp-spd-ob\/wp-json\/wp\/v2\/posts\/8583","targetHints":{"allow":["GET"]}}],"collection":[{"href":"https:\/\/meier-gerdingh.de\/wp-spd-ob\/wp-json\/wp\/v2\/posts"}],"about":[{"href":"https:\/\/meier-gerdingh.de\/wp-spd-ob\/wp-json\/wp\/v2\/types\/post"}],"author":[{"embeddable":true,"href":"https:\/\/meier-gerdingh.de\/wp-spd-ob\/wp-json\/wp\/v2\/users\/1"}],"replies":[{"embeddable":true,"href":"https:\/\/meier-gerdingh.de\/wp-spd-ob\/wp-json\/wp\/v2\/comments?post=8583"}],"version-history":[{"count":0,"href":"https:\/\/meier-gerdingh.de\/wp-spd-ob\/wp-json\/wp\/v2\/posts\/8583\/revisions"}],"wp:attachment":[{"href":"https:\/\/meier-gerdingh.de\/wp-spd-ob\/wp-json\/wp\/v2\/media?parent=8583"}],"wp:term":[{"taxonomy":"category","embeddable":true,"href":"https:\/\/meier-gerdingh.de\/wp-spd-ob\/wp-json\/wp\/v2\/categories?post=8583"},{"taxonomy":"post_tag","embeddable":true,"href":"https:\/\/meier-gerdingh.de\/wp-spd-ob\/wp-json\/wp\/v2\/tags?post=8583"},{"taxonomy":"quellen","embeddable":true,"href":"https:\/\/meier-gerdingh.de\/wp-spd-ob\/wp-json\/wp\/v2\/quellen?post=8583"}],"curies":[{"name":"wp","href":"https:\/\/api.w.org\/{rel}","templated":true}]}}