{"id":8585,"date":"2021-11-04T11:28:26","date_gmt":"2021-11-04T10:28:26","guid":{"rendered":"https:\/\/meier-gerdingh.de\/wp-spd-ob\/?p=8585"},"modified":"2021-11-05T11:34:30","modified_gmt":"2021-11-05T10:34:30","slug":"nrw-landesregierung-verweigert-zustehende-bessere-besoldung-fuer-justizbeschaeftigte","status":"publish","type":"post","link":"https:\/\/meier-gerdingh.de\/wp-spd-ob\/2021\/11\/04\/nrw-landesregierung-verweigert-zustehende-bessere-besoldung-fuer-justizbeschaeftigte\/","title":{"rendered":"NRW-Landesregierung verweigert zustehende bessere Besoldung f\u00fcr Justizbesch\u00e4ftigte"},"content":{"rendered":"<div id=\"attachment_7690\" style=\"width: 170px\" class=\"wp-caption alignleft\"><a href=\"https:\/\/meier-gerdingh.de\/wp-spd-ob\/wp-content\/uploads\/2020\/11\/bongers-sonja-2020.jpg\"><img aria-describedby=\"caption-attachment-7690\" decoding=\"async\" class=\"size-full wp-image-7690\" src=\"https:\/\/meier-gerdingh.de\/wp-spd-ob\/wp-content\/uploads\/2020\/11\/bongers-sonja-2020.jpg\" alt=\"\" width=\"160\" height=\"200\" \/><\/a><p id=\"caption-attachment-7690\" class=\"wp-caption-text\">Sonja Bongers ist Vorsitzende der SPD-Ratsfraktion und Mitglied des Landtags von Nordrhein-Westfalen<\/p><\/div>\n<p>Die SPD-Landtagsabgeordnete und Rechtsexpertin der Fraktion, Sonja Bongers, hat die NRW-Landesregierung aufgefordert, die Urteile des Bundesarbeitsgerichts bez\u00fcglich der Eingruppierung von Justizbesch\u00e4ftigten in Serviceeinheiten und Gesch\u00e4ftsstellen bei Gerichten und Staatsanwaltschaften umzusetzen.<\/p>\n<p>&#8222;Das Bundesarbeitsgericht hat in grundlegenden Urteilen entschieden, dass wenn Justizangestellte \u00fcber einen l\u00e4ngeren Zeitraum Aufgaben mit h\u00f6herem Anspruch verrichten, diese auch dementsprechend zu bezahlen sind. Die Justizbesch\u00e4ftigten in Serviceeinheiten und Gesch\u00e4ftsstellen bei Gerichten und Staatsanwaltschaften haben somit im Ergebnis Anspruch auf Eingruppierung in die Entgeltgruppe 9 a TV-L und Anspruch auf das Entgelt nach dieser Entgeltgruppe&#8220;, sagte Bongers nach Ablehnung des SPD-Antrags im Landtag.<!--more--><\/p>\n<h3 class=\"spd-ob-crossheading\">3700 Klagen anh\u00e4ngig<\/h3>\n<p>Die Ursprungsklage stammte von einer Justizangestellten in Lohngruppe 6 aus Baden-W\u00fcrttemberg, die \u00fcber lange Jahre hinweg durchweg T\u00e4tigkeiten aus\u00fcbte, die eigentlich von Besch\u00e4ftigten der Lohngruppe 9 ausgef\u00fchrt werden. Die Frau klagte vor dem Bundesarbeitsgericht und bekam Recht. Im konkreten Fall ging es dabei um rund 965 Euro brutto monatlich. &#8222;Wenn ich das auf ein Jahr hochrechne und dann auf die L\u00e4nge des Zeitraums, dann kommen f\u00fcr die Betroffenen erhebliche Summen zusammen&#8220;, so Bongers.<\/p>\n<p>Seit dem Bekanntwerden der Rechtsprechung des Bundesarbeitsgerichts wurden aus den Gerichten und Staatsanwaltschaften rund 3.700 Antr\u00e4ge auf H\u00f6hergruppierung gestellt.<\/p>\n<h3 class=\"spd-ob-crossheading\">Justizminister und Finanzministerien stellen sich quer<\/h3>\n<p>Die Landesregierung und hier vor allem das Ministerium der Justiz gef\u00fchrt von Peter Biesenbach (CDU) und das Finanzministerium von Lutz Lienenk\u00e4mper (CDU) haben diese Urteile bislang nicht umgesetzt. Die SPD-Fraktion hatte das Thema mehrmals im Rechtsausschuss, zuletzt im Juni 2021, aufgerufen.<\/p>\n<p>&#8222;Die Landesregierung ist nach wie vor nicht gewillt, die Urteile im Sinne der Besch\u00e4ftigten umzusetzen. Ganz im Gegenteil: Die Landesregierung unterst\u00fctzt die Tarifgemeinschaft deutscher L\u00e4nder (TdL), in deren Tarifvertrag die Besch\u00e4ftigten eingegliedert sind, bei einer Verfassungsbeschwerde beim Bundesverfassungsgericht, um so das Urteil zu kippen. Wenn wir das Vorgehen einmal aus Sicht eines B\u00fcrgers betrachten, dann ist das so, als wenn zum Beispiel der Privatmann Minister Peter Biesenbach, Dienst- oder Handwerksleistungen zwar nutzt, aber dann im Anschluss sagt, sie haben ja gar nicht die erforderliche Qualifikation und demzufolge nicht den angemessenen Betrag bezahlt&#8220;, so die rechtspolitische Sprecherin der SPD-Landtagsfraktion.<\/p>\n","protected":false},"excerpt":{"rendered":"<p>Die SPD-Landtagsabgeordnete und Rechtsexpertin der Fraktion, Sonja Bongers, hat die NRW-Landesregierung aufgefordert, die Urteile des Bundesarbeitsgerichts bez\u00fcglich der Eingruppierung von Justizbesch\u00e4ftigten in Serviceeinheiten und Gesch\u00e4ftsstellen bei Gerichten und Staatsanwaltschaften umzusetzen.&hellip; <\/p>\n","protected":false},"author":1,"featured_media":0,"comment_status":"closed","ping_status":"closed","sticky":false,"template":"","format":"standard","meta":{"footnotes":""},"categories":[216],"tags":[3027,3028,1760,3025,3026,3029,1538],"quellen":[1317],"class_list":["post-8585","post","type-post","status-publish","format-standard","hentry","category-land","tag-bundesarbeitsgericht","tag-hoehergruppierung","tag-justiz","tag-justizbeschaeftigte","tag-nrw-justizminister","tag-tarifgemeinschaft-deutscher-laender","tag-tarifvertraege","quellen-mdl-sonja-bongers"],"_links":{"self":[{"href":"https:\/\/meier-gerdingh.de\/wp-spd-ob\/wp-json\/wp\/v2\/posts\/8585","targetHints":{"allow":["GET"]}}],"collection":[{"href":"https:\/\/meier-gerdingh.de\/wp-spd-ob\/wp-json\/wp\/v2\/posts"}],"about":[{"href":"https:\/\/meier-gerdingh.de\/wp-spd-ob\/wp-json\/wp\/v2\/types\/post"}],"author":[{"embeddable":true,"href":"https:\/\/meier-gerdingh.de\/wp-spd-ob\/wp-json\/wp\/v2\/users\/1"}],"replies":[{"embeddable":true,"href":"https:\/\/meier-gerdingh.de\/wp-spd-ob\/wp-json\/wp\/v2\/comments?post=8585"}],"version-history":[{"count":0,"href":"https:\/\/meier-gerdingh.de\/wp-spd-ob\/wp-json\/wp\/v2\/posts\/8585\/revisions"}],"wp:attachment":[{"href":"https:\/\/meier-gerdingh.de\/wp-spd-ob\/wp-json\/wp\/v2\/media?parent=8585"}],"wp:term":[{"taxonomy":"category","embeddable":true,"href":"https:\/\/meier-gerdingh.de\/wp-spd-ob\/wp-json\/wp\/v2\/categories?post=8585"},{"taxonomy":"post_tag","embeddable":true,"href":"https:\/\/meier-gerdingh.de\/wp-spd-ob\/wp-json\/wp\/v2\/tags?post=8585"},{"taxonomy":"quellen","embeddable":true,"href":"https:\/\/meier-gerdingh.de\/wp-spd-ob\/wp-json\/wp\/v2\/quellen?post=8585"}],"curies":[{"name":"wp","href":"https:\/\/api.w.org\/{rel}","templated":true}]}}