{"id":8588,"date":"2021-10-28T09:56:00","date_gmt":"2021-10-28T07:56:00","guid":{"rendered":"https:\/\/meier-gerdingh.de\/wp-spd-ob\/?p=8588"},"modified":"2021-11-12T10:01:27","modified_gmt":"2021-11-12T09:01:27","slug":"verkehrsbedarfsplan-ist-rechtswidrig","status":"publish","type":"post","link":"https:\/\/meier-gerdingh.de\/wp-spd-ob\/2021\/10\/28\/verkehrsbedarfsplan-ist-rechtswidrig\/","title":{"rendered":"Verkehrsbedarfsplan ist rechtswidrig"},"content":{"rendered":"<p><a href=\"https:\/\/meier-gerdingh.de\/wp-spd-ob\/wp-content\/uploads\/logo_60plus.gif\"><img decoding=\"async\" class=\"alignleft size-full wp-image-1492\" src=\"https:\/\/meier-gerdingh.de\/wp-spd-ob\/wp-content\/uploads\/logo_60plus.gif\" alt=\"\" width=\"80\" height=\"80\" \/><\/a>Der aktuelle Verkehrsbedarfsplan des Bundes ist rechtswidrig, zu dieser Auffassung gelangten die SPD-Senioren in ihrer letzten Vorstandssitzung.<\/p>\n<p>Ein neues Rechtsgutachten, beauftragt vom Bund f\u00fcr Umwelt und Naturschutz (BUND) zeigt: Der aktuelle Bundesverkehrswegeplan 2030 ist verfassungswidrig, da der Klimaschutz keine angemessene Ber\u00fccksichtigt findet.<!--more--><\/p>\n<p>Im Rechtsgutachten steht: &#8222;Der gesetzliche Bedarfsplan 2030 f\u00fcr die Bundesfernstra\u00dfen erf\u00fcllt nicht die Anforderungen an eine Strategische Umweltpr\u00fcfung und muss deshalb aus unionsrechtlichen Gr\u00fcnden im Einzelfall unangewendet bleiben.&#8220;<\/p>\n<p>Die R\u00fcckschl\u00fcsse f\u00fcr die Fernstra\u00dfen-Planungen der Autobahn GmbH des Bundes und des Fernstra\u00dfen-Bundesamtes f\u00fcr das Oberhausener Stadtgebiet bleiben abzuwarten.<\/p>\n<p>Die SPD Arbeitsgemeinschaft 60 plus Oberhausen fordert schon seit l\u00e4ngerer Zeit eine umfassende F\u00f6rderung des &#8222;\u00d6ffentlichen Personen- und G\u00fcterverkehrs&#8220; in der N\u00e4he und in der Ferne, um uns allen langfristig eine lebenswerte Umwelt zu erhalten.<\/p>\n<p>Deshalb soll auch der Sterkrader Wald in seinem aktuellen Zustand erhalten bleiben. &#8222;Klimaschutz muss in Stadt- und Verkehrsplanung einbezogen werden&#8220;, erkl\u00e4ren die Seniorinnen und Senioren der SPD Oberhausen.<\/p>\n<p>Aber den Stra\u00dfenbaus\u00fcnden der Vergangenheit muss auch Rechnung getragen werden, darum fordern sie, dass zum Schutz der Anwohner, unabh\u00e4ngig vom Ausbau der Autobahn, schnell und kurzfristig endlich die dringend erforderlichen L\u00e4rmschutzw\u00e4nde gebaut werden.<\/p>\n","protected":false},"excerpt":{"rendered":"<p>Der aktuelle Verkehrsbedarfsplan des Bundes ist rechtswidrig, zu dieser Auffassung gelangten die SPD-Senioren in ihrer letzten Vorstandssitzung. Ein neues Rechtsgutachten, beauftragt vom Bund f\u00fcr Umwelt und Naturschutz (BUND) zeigt: Der&hellip; <\/p>\n","protected":false},"author":1,"featured_media":0,"comment_status":"closed","ping_status":"closed","sticky":false,"template":"","format":"standard","meta":{"footnotes":""},"categories":[27,29],"tags":[3040,3039,3041,3042,3038,484,291,1052],"quellen":[328],"class_list":["post-8588","post","type-post","status-publish","format-standard","hentry","category-planen-bauen-wohnen-verkehr","category-umwelt","tag-ausbau-oberhausener-kreuz","tag-autobahn-gmbh","tag-autobahnen","tag-bundesfernstrassen","tag-bundesverkehrswegeplan","tag-klimaschutz","tag-laermschutz","tag-sterkrader-wald","quellen-ag-60-plus-oberhausen"],"_links":{"self":[{"href":"https:\/\/meier-gerdingh.de\/wp-spd-ob\/wp-json\/wp\/v2\/posts\/8588","targetHints":{"allow":["GET"]}}],"collection":[{"href":"https:\/\/meier-gerdingh.de\/wp-spd-ob\/wp-json\/wp\/v2\/posts"}],"about":[{"href":"https:\/\/meier-gerdingh.de\/wp-spd-ob\/wp-json\/wp\/v2\/types\/post"}],"author":[{"embeddable":true,"href":"https:\/\/meier-gerdingh.de\/wp-spd-ob\/wp-json\/wp\/v2\/users\/1"}],"replies":[{"embeddable":true,"href":"https:\/\/meier-gerdingh.de\/wp-spd-ob\/wp-json\/wp\/v2\/comments?post=8588"}],"version-history":[{"count":0,"href":"https:\/\/meier-gerdingh.de\/wp-spd-ob\/wp-json\/wp\/v2\/posts\/8588\/revisions"}],"wp:attachment":[{"href":"https:\/\/meier-gerdingh.de\/wp-spd-ob\/wp-json\/wp\/v2\/media?parent=8588"}],"wp:term":[{"taxonomy":"category","embeddable":true,"href":"https:\/\/meier-gerdingh.de\/wp-spd-ob\/wp-json\/wp\/v2\/categories?post=8588"},{"taxonomy":"post_tag","embeddable":true,"href":"https:\/\/meier-gerdingh.de\/wp-spd-ob\/wp-json\/wp\/v2\/tags?post=8588"},{"taxonomy":"quellen","embeddable":true,"href":"https:\/\/meier-gerdingh.de\/wp-spd-ob\/wp-json\/wp\/v2\/quellen?post=8588"}],"curies":[{"name":"wp","href":"https:\/\/api.w.org\/{rel}","templated":true}]}}