{"id":859,"date":"2011-04-21T16:00:00","date_gmt":"2011-04-21T14:00:00","guid":{"rendered":"http:\/\/www.meier-gerdingh.de\/spd-oberhausen\/wp\/?p=859"},"modified":"2017-05-16T13:45:39","modified_gmt":"2017-05-16T11:45:39","slug":"spd-senioren-waehlten-neuen-vorstand","status":"publish","type":"post","link":"https:\/\/meier-gerdingh.de\/wp-spd-ob\/2011\/04\/21\/spd-senioren-waehlten-neuen-vorstand\/","title":{"rendered":"SPD-Senioren w\u00e4hlten neuen Vorstand"},"content":{"rendered":"<p><a href=\"http:\/\/meier-gerdingh.de\/wp-spd-ob\/wp-content\/uploads\/logo_60plus.gif\"><img decoding=\"async\" class=\"size-full alignleft\" src=\"http:\/\/meier-gerdingh.de\/wp-spd-ob\/wp-content\/uploads\/logo_60plus.gif\" alt=\"\" width=\"80\" height=\"80\" \/><\/a>Bei der Jahreshauptversammlung der Arbeitsgemeinschaft &#8222;60 plus&#8220; des SPD-Ortsvereins Sterkrade-S\u00fcd berichtete Elia Albrecht-Mainz als B\u00fcrgermeisterin der Stadt \u00fcber Neuigkeiten aus Sterkrade und dem Ortsverein. Hierbei informierte sie die Senioren insbesondere \u00fcber das neue Heizkraftwerk in Sterkrade und \u00fcber die Zukunft der Elly-Heuss-Knapp-Stiftung.<!--more--><\/p>\n<p>G\u00fcnter Cla\u00dfen leitete die Neuwahlen durch einen R\u00fcckblick zu den Aktivit\u00e4ten des letzten Jahres ein. Er wurde von den versammelten Teilnehmern f\u00fcr die kommenden zwei Jahre wieder zum Vorsitzenden gew\u00e4hlt. Zu seiner Stellvertreterin wurde Ruth Sporysch und zur Schriftf\u00fchrerin und \u00d6ffentlichkeitsbeauftragten Ingeborg Jochems gew\u00e4hlt. Als Beisitzer im Vorstand erhielten das Vertrauen Christel Cla\u00dfen, G\u00fcnter Staudte und Manfred Thei\u00dfen.<\/p>\n<p>Die Delegierten f\u00fcr die Unterbezirkskonferenz der Arbeitsgemeinschaft &#8222;60 plus&#8220; sind G\u00fcnter Cla\u00dfen, Ingeborg Jochems, Ruth Sporysch, Christel Cla\u00dfen, Manfred Thei\u00dfen und G\u00fcnter Staudte.<\/p>\n","protected":false},"excerpt":{"rendered":"<p>Bei der Jahreshauptversammlung der Arbeitsgemeinschaft &#8222;60 plus&#8220; des SPD-Ortsvereins Sterkrade-S\u00fcd berichtete Elia Albrecht-Mainz als B\u00fcrgermeisterin der Stadt \u00fcber Neuigkeiten aus Sterkrade und dem Ortsverein. Hierbei informierte sie die Senioren insbesondere&hellip; <\/p>\n","protected":false},"author":1,"featured_media":0,"comment_status":"closed","ping_status":"closed","sticky":false,"template":"","format":"standard","meta":{"footnotes":""},"categories":[1],"tags":[],"quellen":[],"class_list":["post-859","post","type-post","status-publish","format-standard","hentry","category-allgemein"],"_links":{"self":[{"href":"https:\/\/meier-gerdingh.de\/wp-spd-ob\/wp-json\/wp\/v2\/posts\/859","targetHints":{"allow":["GET"]}}],"collection":[{"href":"https:\/\/meier-gerdingh.de\/wp-spd-ob\/wp-json\/wp\/v2\/posts"}],"about":[{"href":"https:\/\/meier-gerdingh.de\/wp-spd-ob\/wp-json\/wp\/v2\/types\/post"}],"author":[{"embeddable":true,"href":"https:\/\/meier-gerdingh.de\/wp-spd-ob\/wp-json\/wp\/v2\/users\/1"}],"replies":[{"embeddable":true,"href":"https:\/\/meier-gerdingh.de\/wp-spd-ob\/wp-json\/wp\/v2\/comments?post=859"}],"version-history":[{"count":0,"href":"https:\/\/meier-gerdingh.de\/wp-spd-ob\/wp-json\/wp\/v2\/posts\/859\/revisions"}],"wp:attachment":[{"href":"https:\/\/meier-gerdingh.de\/wp-spd-ob\/wp-json\/wp\/v2\/media?parent=859"}],"wp:term":[{"taxonomy":"category","embeddable":true,"href":"https:\/\/meier-gerdingh.de\/wp-spd-ob\/wp-json\/wp\/v2\/categories?post=859"},{"taxonomy":"post_tag","embeddable":true,"href":"https:\/\/meier-gerdingh.de\/wp-spd-ob\/wp-json\/wp\/v2\/tags?post=859"},{"taxonomy":"quellen","embeddable":true,"href":"https:\/\/meier-gerdingh.de\/wp-spd-ob\/wp-json\/wp\/v2\/quellen?post=859"}],"curies":[{"name":"wp","href":"https:\/\/api.w.org\/{rel}","templated":true}]}}