{"id":86,"date":"2001-08-29T16:00:00","date_gmt":"2001-08-29T14:00:00","guid":{"rendered":"http:\/\/www.meier-gerdingh.de\/spd-oberhausen\/wp\/?p=86"},"modified":"2017-05-12T11:01:50","modified_gmt":"2017-05-12T09:01:50","slug":"spd-draengt-auf-schnelle-loesung","status":"publish","type":"post","link":"https:\/\/meier-gerdingh.de\/wp-spd-ob\/2001\/08\/29\/spd-draengt-auf-schnelle-loesung\/","title":{"rendered":"SPD dr\u00e4ngt auf schnelle L\u00f6sung"},"content":{"rendered":"<div style=\"width: 110px\" class=\"wp-caption alignleft\"><a href=\"http:\/\/meier-gerdingh.de\/wp-spd-ob\/wp-content\/uploads\/eb_gymnasium.jpg\"><img decoding=\"async\" class=\"size-full\" src=\"http:\/\/meier-gerdingh.de\/wp-spd-ob\/wp-content\/uploads\/eb_gymnasium.jpg\" alt=\"Elsa-Br\u00e4ndstr\u00f6m-Gymnasium\" width=\"100\" height=\"83\" \/><\/a><p class=\"wp-caption-text\">Elsa-Br\u00e4ndstr\u00f6m-Gymnasium<\/p><\/div>\n<p>&#8222;Die besondere r\u00e4umliche Situation des Elsa-Br\u00e4ndstr\u00f6m-Gymnasiums muss auch beim Einsatz von Hausmeistern ber\u00fccksichtigt werden.&#8220; Das erkl\u00e4rt der schulpolitische Sprecher der SPD-Fraktion Stefan Zimkeit angesichts der j\u00fcngsten Debatte um den Einsatz von Hausmeistern an dieser Schule.<!--more--><\/p>\n<p>So fordert die SPD-Fraktion die Schulverwaltung und die Oberhausener Geb\u00e4udemanagement GmbH (OGM) auf, eine f\u00fcr die Schule akzeptable L\u00f6sung zu finden. Denn nach Auffassung der SPD handelt es sich beim in der Diskussion befindlichen Geb\u00e4ude um eine Dependance, diese besondere Situation sollte ber\u00fccksichtigt werden.<\/p>\n<p>In Gespr\u00e4chen mit der Schulleiterin Erika Risse, dem Gesch\u00e4ftsf\u00fchrer der OGM Hartmut Schmidt und dem Schuldezernenten Reinhard Frind warb Stefan Zimkeit namens der SPD um eine entsprechende L\u00f6sung. Die SPD hofft, dass ein angek\u00fcndigtes Gespr\u00e4ch zwischen den Beteiligten zu einvernehmlichen L\u00f6sungen f\u00fchrt.<\/p>\n<p>Teil dieser L\u00f6sung sollten nach Auffassung der Sozialdemokraten auch finanzielle Einsparungen bei der OGM sein. &#8222;Wir haben die OGM auch gegr\u00fcndet, um den st\u00e4dtischen Haushalt zu entlasten, dies geht aber nicht ohne organisatorische Ver\u00e4nderungen in den verschiedensten Bereichen&#8220;, erkl\u00e4rte Kirsten Oberste-Kleinbeck, Mitglied des Schulausschusses. In der konkreten Situation des Elsa-Br\u00e4ndstr\u00f6m-Gymnasiums liegen entsprechende Vorschl\u00e4ge auf dem Tisch, die auch die Zustimmung der Schule finden.<\/p>\n<p>Kritik \u00fcbte die SPD an der Informationspolitik gegen\u00fcber der Schule: &#8222;Es kann nicht sein, dass Schulen erst am Tag der Umsetzung von Ma\u00dfnahmen abschlie\u00dfend dar\u00fcber informiert werden&#8220;, erkl\u00e4rte hierzu Stefan Zimkeit. &#8222;Hier scheint noch Sand im Getriebe zu sein.&#8220; Nach Auffassung der SPD m\u00fcssen die Verantwortlichkeiten zwischen Schulverwaltung und OGM hier nochmals \u00fcberpr\u00fcft werden.<\/p>\n<p>F\u00fcr den n\u00e4chsten Schulausschuss wurde ein entsprechender Tagesordnungspunkt beantragt.<\/p>\n","protected":false},"excerpt":{"rendered":"<p>&#8222;Die besondere r\u00e4umliche Situation des Elsa-Br\u00e4ndstr\u00f6m-Gymnasiums muss auch beim Einsatz von Hausmeistern ber\u00fccksichtigt werden.&#8220; Das erkl\u00e4rt der schulpolitische Sprecher der SPD-Fraktion Stefan Zimkeit angesichts der j\u00fcngsten Debatte um den Einsatz&hellip; <\/p>\n","protected":false},"author":1,"featured_media":0,"comment_status":"closed","ping_status":"closed","sticky":false,"template":"","format":"standard","meta":{"footnotes":""},"categories":[1],"tags":[],"quellen":[],"class_list":["post-86","post","type-post","status-publish","format-standard","hentry","category-allgemein"],"_links":{"self":[{"href":"https:\/\/meier-gerdingh.de\/wp-spd-ob\/wp-json\/wp\/v2\/posts\/86","targetHints":{"allow":["GET"]}}],"collection":[{"href":"https:\/\/meier-gerdingh.de\/wp-spd-ob\/wp-json\/wp\/v2\/posts"}],"about":[{"href":"https:\/\/meier-gerdingh.de\/wp-spd-ob\/wp-json\/wp\/v2\/types\/post"}],"author":[{"embeddable":true,"href":"https:\/\/meier-gerdingh.de\/wp-spd-ob\/wp-json\/wp\/v2\/users\/1"}],"replies":[{"embeddable":true,"href":"https:\/\/meier-gerdingh.de\/wp-spd-ob\/wp-json\/wp\/v2\/comments?post=86"}],"version-history":[{"count":0,"href":"https:\/\/meier-gerdingh.de\/wp-spd-ob\/wp-json\/wp\/v2\/posts\/86\/revisions"}],"wp:attachment":[{"href":"https:\/\/meier-gerdingh.de\/wp-spd-ob\/wp-json\/wp\/v2\/media?parent=86"}],"wp:term":[{"taxonomy":"category","embeddable":true,"href":"https:\/\/meier-gerdingh.de\/wp-spd-ob\/wp-json\/wp\/v2\/categories?post=86"},{"taxonomy":"post_tag","embeddable":true,"href":"https:\/\/meier-gerdingh.de\/wp-spd-ob\/wp-json\/wp\/v2\/tags?post=86"},{"taxonomy":"quellen","embeddable":true,"href":"https:\/\/meier-gerdingh.de\/wp-spd-ob\/wp-json\/wp\/v2\/quellen?post=86"}],"curies":[{"name":"wp","href":"https:\/\/api.w.org\/{rel}","templated":true}]}}