{"id":8618,"date":"2021-11-15T19:44:53","date_gmt":"2021-11-15T18:44:53","guid":{"rendered":"https:\/\/meier-gerdingh.de\/wp-spd-ob\/?p=8618"},"modified":"2021-11-22T19:19:27","modified_gmt":"2021-11-22T18:19:27","slug":"oberhausener-spd-frauen-zeigen-flagge-gegen-gewalt-an-frauen-2","status":"publish","type":"post","link":"https:\/\/meier-gerdingh.de\/wp-spd-ob\/2021\/11\/15\/oberhausener-spd-frauen-zeigen-flagge-gegen-gewalt-an-frauen-2\/","title":{"rendered":"Oberhausener SPD-Frauen zeigen Flagge gegen Gewalt an Frauen"},"content":{"rendered":"<div id=\"attachment_5462\" style=\"width: 190px\" class=\"wp-caption alignleft\"><a href=\"https:\/\/meier-gerdingh.de\/wp-spd-ob\/wp-content\/uploads\/2018\/08\/asf-jordan-ecker-ute.jpg\"><img aria-describedby=\"caption-attachment-5462\" decoding=\"async\" class=\"size-full wp-image-5462\" src=\"https:\/\/meier-gerdingh.de\/wp-spd-ob\/wp-content\/uploads\/2018\/08\/asf-jordan-ecker-ute.jpg\" alt=\"\" width=\"180\" height=\"180\" srcset=\"https:\/\/meier-gerdingh.de\/wp-spd-ob\/wp-content\/uploads\/2018\/08\/asf-jordan-ecker-ute.jpg 180w, https:\/\/meier-gerdingh.de\/wp-spd-ob\/wp-content\/uploads\/2018\/08\/asf-jordan-ecker-ute-150x150.jpg 150w\" sizes=\"(max-width: 180px) 100vw, 180px\" \/><\/a><p id=\"caption-attachment-5462\" class=\"wp-caption-text\">Ute Jordan-Ecker ist Vorsitzende der Oberhausener SPD-Frauen<\/p><\/div>\n<p>Am <strong>20. November 2021<\/strong> m\u00f6chten die Mitglieder der Arbeitsgemeinschaft sozialdemokratischer Frauen (AsF) Oberhausen um <strong>10.30 Uhr<\/strong> mit einem <strong>Infostand in Sterkrade-Mitte<\/strong> das Thema &#8222;Gewalt gegen Frauen&#8220; in die \u00d6ffentlichkeit tragen. Unter dem Motto &#8222;Gewalt kommt nicht in die T\u00fcte&#8220; werden die SPD-Frauen Br\u00f6tchen in eigens daf\u00fcr vorbereitete T\u00fcten mit Infomaterial an Frauen verteilen. Als wertsch\u00e4tzende Geste von &#8222;Frau zu Frau&#8220; werden traditionell Rosen verteilt. Im Rahmen des Informationsstandes wird \u00fcber das <strong>Thema &#8222;H\u00e4usliche Gewalt&#8220;<\/strong> informiert.<!--more--><\/p>\n<p>&#8222;Die Oberhausener AsF m\u00f6chte ein Zeichen setzen gegen Gewalt an Frauen, denn die Opferzahlen von h\u00e4uslicher Gewalt zeigen, dass Partnerschaftsgewalt immer noch ein brisantes Thema ist&#8220;, so die Vorsitzende der Oberhausener AsF, Dr. Ute Jordan-Ecker. Allein im Jahr 2019 wurden laut Zahlen des Bundesfamilienministeriums 141.792 Personen erfasst, die Opfer von Partnerschaftsgewalt wurden. Bei Vergewaltigung, sexueller N\u00f6tigung und sexuellen \u00dcbergriffen in Partnerschaft sind die Opfer zu 98,1\u00a0% weiblich.<\/p>\n<p>Die Dunkelziffer von h\u00e4uslicher Gewalt wird weitaus h\u00f6her gesch\u00e4tzt, da sich viele Frauen aus Angst und Scham nicht an die Polizei wenden. &#8222;Jedes Gewaltopfer ist eines zu viel. Wir wollen mit unseren Aktionen einen kleinen Beitrag leisten, dass Opfer von h\u00e4uslicher Gewalt sich nicht scheuen Hilfe in Anspruch zu nehmen!&#8220;, so Jordan-Ecker.<\/p>\n<p>Bereits seit 2001 ruft die Organisation &#8222;TERRE DES FEMMES&#8220; j\u00e4hrlich zum 25. November zu Aktionen gegen h\u00e4usliche Gewalt auf. Seither hat auch die Oberhausener AsF als Zeichen der Solidarit\u00e4t j\u00e4hrlich die Fahne &#8222;Frei von Gewalt leben&#8220; an der Gesch\u00e4ftsstelle der Oberhausener SPD gehisst. &#8222;Uns ist es ein Anliegen, die urspr\u00fcngliche Aktion von &#8218;TERRE DES FEMMES&#8216; aufzugreifen und weiter zu tragen.<\/p>\n<p>Mit &#8222;Gewalt kommt nicht in die T\u00fcte&#8220; m\u00f6chten wir ein Zeichen setzen f\u00fcr ein selbstbestimmtes Leben von Frauen.&#8220;, so Jordan-Ecker.<\/p>\n","protected":false},"excerpt":{"rendered":"<p>Am 20. November 2021 m\u00f6chten die Mitglieder der Arbeitsgemeinschaft sozialdemokratischer Frauen (AsF) Oberhausen um 10.30 Uhr mit einem Infostand in Sterkrade-Mitte das Thema &#8222;Gewalt gegen Frauen&#8220; in die \u00d6ffentlichkeit tragen.&hellip; <\/p>\n","protected":false},"author":1,"featured_media":0,"comment_status":"closed","ping_status":"closed","sticky":false,"template":"","format":"standard","meta":{"footnotes":""},"categories":[95,171],"tags":[2134,3069,1723,1724,1671,2133,1725],"quellen":[341],"class_list":["post-8618","post","type-post","status-publish","format-standard","hentry","category-gleichstellung","category-veranstaltungen","tag-frei-von-gewalt-leben","tag-internationaler-tag-zur-beseitigung-von-gewalt-gegen-frauen","tag-gewalt-gegen-frauen","tag-haeusliche-gewalt","tag-infostand","tag-stalking","tag-terre-des-femmes","quellen-asf-oberhausen"],"_links":{"self":[{"href":"https:\/\/meier-gerdingh.de\/wp-spd-ob\/wp-json\/wp\/v2\/posts\/8618","targetHints":{"allow":["GET"]}}],"collection":[{"href":"https:\/\/meier-gerdingh.de\/wp-spd-ob\/wp-json\/wp\/v2\/posts"}],"about":[{"href":"https:\/\/meier-gerdingh.de\/wp-spd-ob\/wp-json\/wp\/v2\/types\/post"}],"author":[{"embeddable":true,"href":"https:\/\/meier-gerdingh.de\/wp-spd-ob\/wp-json\/wp\/v2\/users\/1"}],"replies":[{"embeddable":true,"href":"https:\/\/meier-gerdingh.de\/wp-spd-ob\/wp-json\/wp\/v2\/comments?post=8618"}],"version-history":[{"count":0,"href":"https:\/\/meier-gerdingh.de\/wp-spd-ob\/wp-json\/wp\/v2\/posts\/8618\/revisions"}],"wp:attachment":[{"href":"https:\/\/meier-gerdingh.de\/wp-spd-ob\/wp-json\/wp\/v2\/media?parent=8618"}],"wp:term":[{"taxonomy":"category","embeddable":true,"href":"https:\/\/meier-gerdingh.de\/wp-spd-ob\/wp-json\/wp\/v2\/categories?post=8618"},{"taxonomy":"post_tag","embeddable":true,"href":"https:\/\/meier-gerdingh.de\/wp-spd-ob\/wp-json\/wp\/v2\/tags?post=8618"},{"taxonomy":"quellen","embeddable":true,"href":"https:\/\/meier-gerdingh.de\/wp-spd-ob\/wp-json\/wp\/v2\/quellen?post=8618"}],"curies":[{"name":"wp","href":"https:\/\/api.w.org\/{rel}","templated":true}]}}