{"id":8619,"date":"2021-11-16T18:35:14","date_gmt":"2021-11-16T17:35:14","guid":{"rendered":"https:\/\/meier-gerdingh.de\/wp-spd-ob\/?p=8619"},"modified":"2021-11-16T18:35:14","modified_gmt":"2021-11-16T17:35:14","slug":"nrw-muss-konsequent-gegen-die-pandemie-kaempfen","status":"publish","type":"post","link":"https:\/\/meier-gerdingh.de\/wp-spd-ob\/2021\/11\/16\/nrw-muss-konsequent-gegen-die-pandemie-kaempfen\/","title":{"rendered":"NRW muss konsequent gegen die Pandemie k\u00e4mpfen"},"content":{"rendered":"<div id=\"attachment_4242\" style=\"width: 150px\" class=\"wp-caption alignleft\"><a href=\"https:\/\/meier-gerdingh.de\/wp-spd-ob\/wp-content\/uploads\/2017\/05\/zimkeit_stefan_17.jpg\"><img aria-describedby=\"caption-attachment-4242\" decoding=\"async\" class=\"size-full wp-image-4242\" src=\"https:\/\/meier-gerdingh.de\/wp-spd-ob\/wp-content\/uploads\/2017\/05\/zimkeit_stefan_17.jpg\" alt=\"\" width=\"140\" height=\"192\" \/><\/a><p id=\"caption-attachment-4242\" class=\"wp-caption-text\">Stefan Zimkeit ist Landtagsabgeordneter f\u00fcr Oberhausen-Sterkrade und Dinslaken sowie haushalts- und finanzpolitischer Sprecher der SPD-Landtagsfraktion<\/p><\/div>\n<p>Stefan Zimkeit wirft Ministerpr\u00e4sident Hendrik W\u00fcst &#8222;verantwortungsloses Zaudern&#8220; in der Coronakrise vor. &#8222;W\u00e4hrend andere Bundesl\u00e4nder Ma\u00dfnahmen gegen die vierte Welle ergreifen, versteckt er sich hinter dem Bund oder sorgt f\u00fcr Lockerungen. Die einzige Entscheidung der W\u00fcst-Regierung war das Aufheben der Maskenpflicht in den Schulen.&#8220;<\/p>\n<p>Gro\u00dfe Sorgen macht sich Zimkeit wegen der wachsenden Zahl von Impfdurchbr\u00fcchen in den Oberhausener Krankenh\u00e4usern. &#8222;NRW ist bei den dringend ben\u00f6tigten Boosterimpfungen viel zu langsam. Gerade mal f\u00fcnf Prozent der Menschen in unserem Land sind bislang geboostert. In Berlin sind es bereits 7,5 Prozent.&#8220; Laut Sozialverband VdK w\u00fcrden in NRW sogar 70-J\u00e4hrige auf Termine im n\u00e4chsten Jahr verwiesen.<!--more--><\/p>\n<p>&#8222;Es erweist sich als schwerer Fehler, dass das Land trotz aller Warnungen die Impfzentren geschlossen hat. Hier wird am falschen Ende gespart&#8220;, stellt der SPD-Finanzexperte fest. Zimkeit bef\u00fcrchtet Chaos, wenn die Boosterimpfungen und die Erstimpfungen derjeniger, die sich wegen zunehmender 2G-Regelungen jetzt daf\u00fcr entscheiden, gleichzeitig stattfinden.<\/p>\n<p>&#8222;NRW muss schnell und entschlossen handeln&#8220;, betont Stefan Zimkeit. &#8222;NRW muss die M\u00f6glichkeiten des neuen Bundesgesetzes konsequent nutzen, um die Pandemie einzud\u00e4mmen und den drohenden Zusammenbruch des Gesundheitssystems zu vermeiden. Auch unser Bundesland braucht jetzt die 2G-Regelungen, die die Landesregierung immer noch nicht umgesetzt hat.&#8220;<\/p>\n","protected":false},"excerpt":{"rendered":"<p>Stefan Zimkeit wirft Ministerpr\u00e4sident Hendrik W\u00fcst &#8222;verantwortungsloses Zaudern&#8220; in der Coronakrise vor. &#8222;W\u00e4hrend andere Bundesl\u00e4nder Ma\u00dfnahmen gegen die vierte Welle ergreifen, versteckt er sich hinter dem Bund oder sorgt f\u00fcr&hellip; <\/p>\n","protected":false},"author":1,"featured_media":0,"comment_status":"closed","ping_status":"closed","sticky":false,"template":"","format":"standard","meta":{"footnotes":""},"categories":[2275,297,216],"tags":[3054,3052,2463,2223,2228,2218,3056,3053,3055,2584],"quellen":[331],"class_list":["post-8619","post","type-post","status-publish","format-standard","hentry","category-corona-krise","category-gesundheit","category-land","tag-2g-regelung","tag-boosterimpfungen","tag-corona-pandemie","tag-coronavirus","tag-coronavirus-krise","tag-covid-19-krise","tag-impfdurchbrueche","tag-impfzentren","tag-maskenpflicht","tag-sozialverband-vdk","quellen-mdl-stefan-zimkeit"],"_links":{"self":[{"href":"https:\/\/meier-gerdingh.de\/wp-spd-ob\/wp-json\/wp\/v2\/posts\/8619","targetHints":{"allow":["GET"]}}],"collection":[{"href":"https:\/\/meier-gerdingh.de\/wp-spd-ob\/wp-json\/wp\/v2\/posts"}],"about":[{"href":"https:\/\/meier-gerdingh.de\/wp-spd-ob\/wp-json\/wp\/v2\/types\/post"}],"author":[{"embeddable":true,"href":"https:\/\/meier-gerdingh.de\/wp-spd-ob\/wp-json\/wp\/v2\/users\/1"}],"replies":[{"embeddable":true,"href":"https:\/\/meier-gerdingh.de\/wp-spd-ob\/wp-json\/wp\/v2\/comments?post=8619"}],"version-history":[{"count":0,"href":"https:\/\/meier-gerdingh.de\/wp-spd-ob\/wp-json\/wp\/v2\/posts\/8619\/revisions"}],"wp:attachment":[{"href":"https:\/\/meier-gerdingh.de\/wp-spd-ob\/wp-json\/wp\/v2\/media?parent=8619"}],"wp:term":[{"taxonomy":"category","embeddable":true,"href":"https:\/\/meier-gerdingh.de\/wp-spd-ob\/wp-json\/wp\/v2\/categories?post=8619"},{"taxonomy":"post_tag","embeddable":true,"href":"https:\/\/meier-gerdingh.de\/wp-spd-ob\/wp-json\/wp\/v2\/tags?post=8619"},{"taxonomy":"quellen","embeddable":true,"href":"https:\/\/meier-gerdingh.de\/wp-spd-ob\/wp-json\/wp\/v2\/quellen?post=8619"}],"curies":[{"name":"wp","href":"https:\/\/api.w.org\/{rel}","templated":true}]}}