{"id":8620,"date":"2021-11-17T19:52:46","date_gmt":"2021-11-17T18:52:46","guid":{"rendered":"https:\/\/meier-gerdingh.de\/wp-spd-ob\/?p=8620"},"modified":"2021-11-17T19:55:00","modified_gmt":"2021-11-17T18:55:00","slug":"spd-fordert-ein-haus-der-technik-fuer-die-aelteren","status":"publish","type":"post","link":"https:\/\/meier-gerdingh.de\/wp-spd-ob\/2021\/11\/17\/spd-fordert-ein-haus-der-technik-fuer-die-aelteren\/","title":{"rendered":"SPD fordert ein Haus der Technik f\u00fcr die \u00c4lteren"},"content":{"rendered":"<div id=\"attachment_6411\" style=\"width: 190px\" class=\"wp-caption alignleft\"><a href=\"https:\/\/meier-gerdingh.de\/wp-spd-ob\/wp-content\/uploads\/2019\/06\/14_telli_ercan_1000.jpg\"><img aria-describedby=\"caption-attachment-6411\" decoding=\"async\" class=\"size-full wp-image-6411\" src=\"https:\/\/meier-gerdingh.de\/wp-spd-ob\/wp-content\/uploads\/2019\/06\/14_telli_ercan.jpg\" alt=\"\" width=\"180\" height=\"180\" srcset=\"https:\/\/meier-gerdingh.de\/wp-spd-ob\/wp-content\/uploads\/2019\/06\/14_telli_ercan.jpg 180w, https:\/\/meier-gerdingh.de\/wp-spd-ob\/wp-content\/uploads\/2019\/06\/14_telli_ercan-150x150.jpg 150w\" sizes=\"(max-width: 180px) 100vw, 180px\" \/><\/a><p id=\"caption-attachment-6411\" class=\"wp-caption-text\">Ercan Telli ist sozialpolitischer Sprecher der SPD-Fraktion<\/p><\/div>\n<p>Eine Heizung, die sich temperaturabh\u00e4ngig quasi von alleine regelt; Rolll\u00e4den, die zu bestimmten Uhrzeiten oder Helligkeitsstufen herauf- und herunterfahren; eine Schlafzimmerlampe, die angeht, sobald man einen Fu\u00df aus dem Bett steigt: die M\u00f6glichkeiten, die Smart-Home-Technologien bereits heute bieten, sind so vielf\u00e4ltig wie n\u00fctzlich \u2013 vor allem dann, wenn die Kraft nachl\u00e4sst und die eigenen Schritte nicht mehr so sicher sind wie fr\u00fcher.<\/p>\n<p>&#8222;Smart-Home-L\u00f6sungen sind nicht nur Spielereien f\u00fcr technikaffine Computernerds. Sie k\u00f6nnen den Alltag von Seniorinnen und Senioren erheblich erleichtern und daf\u00fcr sorgen, dass Menschen l\u00e4nger und sicherer selbstbestimmt in ihrer eigenen Wohnung leben k\u00f6nnen&#8220;, erkl\u00e4rt Ercan Telli, sozialpolitischer Sprecher der SPD-Ratsfraktion. Doch die Schwellenangst \u00e4lterer Menschen, sich auf diese Technologien einzulassen, ist oftmals hoch.<!--more--><\/p>\n<p>&#8222;Vielen ist die Technik zun\u00e4chst einmal fremd&#8220;, wei\u00df Hans-G\u00fcnter Wrobel, Sprecher der SPD im Seniorenbeirat der Stadt. &#8222;Sie f\u00fcrchten sich vor \u00dcberforderung oder dass die Technik dann zuhause das Kommando \u00fcbernimmt.&#8220;<\/p>\n<p>Bef\u00fcrchtungen, die ebenso unbegr\u00fcndet sind wie hartn\u00e4ckig \u2013 und darum w\u00fcnscht sich Oberhausens SPD ein Smart-Haus f\u00fcr Seniorinnen und Senioren zur Veranschaulichung und zum zwanglosen Ausprobieren. &#8222;Brosch\u00fcren und Werbefilme sind das eine, die eigene Erfahrung noch mal was ganz anderes&#8220;, erkl\u00e4rt Wrobel.<\/p>\n<p>In der Sterkrader Innenstadt, gut erreichbar, soll die Verwaltung ein solches Smart-Haus f\u00fcr Seniorinnen und Senioren planen und einrichten, hei\u00dft es in dem SPD-Antrag. Dort soll eine Modellwohnung eingerichtet werden, die die realistische Lebenswirklichkeit von Seniorinnen und Senioren abbildet und aufzeigt, wie digitale Unterst\u00fctzungssysteme funktionieren.<\/p>\n<p>&#8222;Wenn die Menschen die Technik selbst ausprobieren k\u00f6nnen und dabei auch gut beraten werden, d\u00fcrfte das die Akzeptanz steigern&#8220;, glaubt Telli. Um den Betrieb und eine funktionierende \u00d6ffentlichkeitsarbeit zu gew\u00e4hrleisten, soll das Smart-Haus an das Quartiersb\u00fcro Sterkrade-Mitte angebunden werden.<\/p>\n","protected":false},"excerpt":{"rendered":"<p>Eine Heizung, die sich temperaturabh\u00e4ngig quasi von alleine regelt; Rolll\u00e4den, die zu bestimmten Uhrzeiten oder Helligkeitsstufen herauf- und herunterfahren; eine Schlafzimmerlampe, die angeht, sobald man einen Fu\u00df aus dem Bett&hellip; <\/p>\n","protected":false},"author":1,"featured_media":0,"comment_status":"closed","ping_status":"closed","sticky":false,"template":"","format":"standard","meta":{"footnotes":""},"categories":[854],"tags":[3061,3059,3057,3058,3060],"quellen":[326],"class_list":["post-8620","post","type-post","status-publish","format-standard","hentry","category-senioren","tag-haus-der-technik-fuer-die-aelteren","tag-quartiersbuero-sterkrade-mitte","tag-smart-home","tag-smart-haus","tag-smart-home-technologien","quellen-spd-fraktion-oberhausen"],"_links":{"self":[{"href":"https:\/\/meier-gerdingh.de\/wp-spd-ob\/wp-json\/wp\/v2\/posts\/8620","targetHints":{"allow":["GET"]}}],"collection":[{"href":"https:\/\/meier-gerdingh.de\/wp-spd-ob\/wp-json\/wp\/v2\/posts"}],"about":[{"href":"https:\/\/meier-gerdingh.de\/wp-spd-ob\/wp-json\/wp\/v2\/types\/post"}],"author":[{"embeddable":true,"href":"https:\/\/meier-gerdingh.de\/wp-spd-ob\/wp-json\/wp\/v2\/users\/1"}],"replies":[{"embeddable":true,"href":"https:\/\/meier-gerdingh.de\/wp-spd-ob\/wp-json\/wp\/v2\/comments?post=8620"}],"version-history":[{"count":0,"href":"https:\/\/meier-gerdingh.de\/wp-spd-ob\/wp-json\/wp\/v2\/posts\/8620\/revisions"}],"wp:attachment":[{"href":"https:\/\/meier-gerdingh.de\/wp-spd-ob\/wp-json\/wp\/v2\/media?parent=8620"}],"wp:term":[{"taxonomy":"category","embeddable":true,"href":"https:\/\/meier-gerdingh.de\/wp-spd-ob\/wp-json\/wp\/v2\/categories?post=8620"},{"taxonomy":"post_tag","embeddable":true,"href":"https:\/\/meier-gerdingh.de\/wp-spd-ob\/wp-json\/wp\/v2\/tags?post=8620"},{"taxonomy":"quellen","embeddable":true,"href":"https:\/\/meier-gerdingh.de\/wp-spd-ob\/wp-json\/wp\/v2\/quellen?post=8620"}],"curies":[{"name":"wp","href":"https:\/\/api.w.org\/{rel}","templated":true}]}}