{"id":8625,"date":"2021-11-18T18:51:50","date_gmt":"2021-11-18T17:51:50","guid":{"rendered":"https:\/\/meier-gerdingh.de\/wp-spd-ob\/?p=8625"},"modified":"2021-11-22T19:17:43","modified_gmt":"2021-11-22T18:17:43","slug":"fachleute-fordern-eine-neue-schulpolitik","status":"publish","type":"post","link":"https:\/\/meier-gerdingh.de\/wp-spd-ob\/2021\/11\/18\/fachleute-fordern-eine-neue-schulpolitik\/","title":{"rendered":"Fachleute fordern eine neue Schulpolitik"},"content":{"rendered":"<div id=\"attachment_8623\" style=\"width: 710px\" class=\"wp-caption aligncenter\"><a href=\"https:\/\/meier-gerdingh.de\/wp-spd-ob\/wp-content\/uploads\/2021\/11\/zimkeit-celik-willert-lg.jpg\"><img aria-describedby=\"caption-attachment-8623\" decoding=\"async\" class=\"size-full wp-image-8623\" src=\"https:\/\/meier-gerdingh.de\/wp-spd-ob\/wp-content\/uploads\/2021\/11\/zimkeit-celik-willert.jpg\" alt=\"\" width=\"700\" height=\"335\" srcset=\"https:\/\/meier-gerdingh.de\/wp-spd-ob\/wp-content\/uploads\/2021\/11\/zimkeit-celik-willert.jpg 700w, https:\/\/meier-gerdingh.de\/wp-spd-ob\/wp-content\/uploads\/2021\/11\/zimkeit-celik-willert-300x144.jpg 300w\" sizes=\"(max-width: 700px) 100vw, 700px\" \/><\/a><p id=\"caption-attachment-8623\" class=\"wp-caption-text\">Stefan Zimkeit, Ayla \u00c7elik, Harald Willert (Quelle: B\u00fcro Zimkeit)<\/p><\/div>\n<p>&#8222;Der Schulerfolg von Kindern ist viel zu oft vom Geldbeutel und dem Bildungsabschluss der Eltern abh\u00e4ngig&#8220;, sagte der Landtagsabgeordnete Stefan Zimkeit (SPD) zu Beginn eines Gespr\u00e4chs mit Fachleuten aus NRW, Oberhausen und Dinslaken. &#8222;Die Ungleichheit hat sich in der Pandemie noch mal versch\u00e4rft.&#8220;<\/p>\n<p>Ayla \u00c7elik, Landesvorsitzende der Gewerkschaft Erziehung und Wissenschaft (GEW), wies auf den immensen Lehrkr\u00e4ftemangel in NRW hin. &#8222;Jedes f\u00fcnfte Kind lebt unter armen Verh\u00e4ltnissen. Diese brauchen mehr denn je gute und ausreichend viele Lehrerinnen und Lehrer.&#8220;<\/p>\n<p>Harald Willert, Vorsitzender der NRW-Schulleitervereinigung, beklagte eine zunehmende &#8222;Herabw\u00fcrdigung&#8220; des Lehrerberufs bei gleichzeitig steigenden Aufgaben f\u00fcr Schulleitungen und Lehrkr\u00e4fte. &#8222;Was die jetzt w\u00e4hrend Corona machen, hat mit dem urspr\u00fcnglichen Beruf nichts mehr zu tun.&#8220;<!--more--><\/p>\n<p>Christian Alders, Leiter der Grundschule Schwarze Heide, sagte, dass die Besoldung der Grundschullehrkr\u00e4fte mit A13 aus Sicht seiner Schule l\u00e4ngst \u00fcberf\u00e4llig sei. Er stie\u00df mit seiner Forderung auf die Zustimmung aller Teilnehmenden des Fachgespr\u00e4chs. An vielen Grundschulen seien gerade mal noch 50 Prozent der Besch\u00e4ftigen ausgebildete Lehrer, sagte Karl-Heinz Hamm, Vorsitzender der GEW im Kreis Wesel.<\/p>\n<p>Franziska Sch\u00fcrken hatte als Sch\u00fclerin des Sophie-Scholl-Gymnasiums eine vielbeachtete Petition f\u00fcr ein gerechtes Abitur auf den Weg gebracht. &#8222;Wir sind mit gro\u00dfen Lernl\u00fccken in das neue Schuljahr gestartet, die nie aufgearbeitet wurden. Es ist eine Schande, dass Sch\u00fclerinnen und Sch\u00fcler \u00fcber ihre eigene Bildung nicht mitentscheiden d\u00fcrfen&#8220;, kritisierte sie NRW-Schulministerin Yvonne Gebauer (FDP).<\/p>\n<p>Thomas Hinsenkamp von der Stadtschulpflegschaft Oberhausen erg\u00e4nzte die Kritik: &#8222;In der Coronazeit sind die Schulen vom Ministerium allein gelassen worden.&#8220; Konzepte, wie mit digitalen Methoden umzugehen sei, h\u00e4tten gefehlt.<\/p>\n<p>Dinslakens Jugendamtsleiter Holger Morsek forderte mehr Sozialarbeit an den Schulen. &#8222;Es gibt erstmals eine Generation von Kindern, denen immer gesagt wird, wie schlecht es ihnen geht. Wir haben ganz viele Kindern im schulpsychologischen Dienst gehabt, die eine &#8218;3&#8216; haben.&#8220;<\/p>\n<p>Benedikt Jochheim, Leiter des Ganztags an der Wunderschule, kritisierte, dass die Erfahrungen des offenen Ganztags in die Durchf\u00fchrung des Corona-Aufhol- und des Ferienprogramms nicht einbezogen worden ist. &#8222;Der Wunsch der Kinder nach Bildung ist enorm. Die Kinder wollten gar nicht in den Urlaub&#8220;, erinnerte er sich an die Schultage vor den Ferien.<\/p>\n<p>Ayla \u00c7elik und Harald Willert sprachen sich daf\u00fcr aus, &#8222;Ungleiches ungleich zu behandeln&#8220;. Eine gro\u00dfe Zahl an Schulen im Ruhrgebiet und dessen Umkreis brauche viel mehr Ressourcen. Der von der Landesregierung vertretene &#8222;Sozialindex&#8220; sei Augenwischerei, sagte Willert, denn das Geld werde weiterhin zum gr\u00f6\u00dften Teil nach dem Gie\u00dfkannenprinzip verteilt.<\/p>\n<p>Stefan Zimkeit versprach, sich f\u00fcr eine Finanzierung entlang eines effektiven schulscharfen Sozialindexes einzusetzen. &#8222;Wir werden sehr viel Geld in die Hand nehmen m\u00fcssen, um f\u00fcr gleich gute Bildungschancen f\u00fcr alle Kinder zu sorgen&#8220;, unterstrich der SPD-Finanzexperte.<\/p>\n","protected":false},"excerpt":{"rendered":"<p>&#8222;Der Schulerfolg von Kindern ist viel zu oft vom Geldbeutel und dem Bildungsabschluss der Eltern abh\u00e4ngig&#8220;, sagte der Landtagsabgeordnete Stefan Zimkeit (SPD) zu Beginn eines Gespr\u00e4chs mit Fachleuten aus NRW,&hellip; <\/p>\n","protected":false},"author":1,"featured_media":0,"comment_status":"closed","ping_status":"closed","sticky":false,"template":"","format":"standard","meta":{"footnotes":""},"categories":[231,2275,2],"tags":[2940,2463,2223,2228,2218,2990,1306,1379],"quellen":[331],"class_list":["post-8625","post","type-post","status-publish","format-standard","hentry","category-bildung","category-corona-krise","category-schule","tag-bildungschancen","tag-corona-pandemie","tag-coronavirus","tag-coronavirus-krise","tag-covid-19-krise","tag-lehrkraeftemangel","tag-ruhrgebiet","tag-sozialindex","quellen-mdl-stefan-zimkeit"],"_links":{"self":[{"href":"https:\/\/meier-gerdingh.de\/wp-spd-ob\/wp-json\/wp\/v2\/posts\/8625","targetHints":{"allow":["GET"]}}],"collection":[{"href":"https:\/\/meier-gerdingh.de\/wp-spd-ob\/wp-json\/wp\/v2\/posts"}],"about":[{"href":"https:\/\/meier-gerdingh.de\/wp-spd-ob\/wp-json\/wp\/v2\/types\/post"}],"author":[{"embeddable":true,"href":"https:\/\/meier-gerdingh.de\/wp-spd-ob\/wp-json\/wp\/v2\/users\/1"}],"replies":[{"embeddable":true,"href":"https:\/\/meier-gerdingh.de\/wp-spd-ob\/wp-json\/wp\/v2\/comments?post=8625"}],"version-history":[{"count":0,"href":"https:\/\/meier-gerdingh.de\/wp-spd-ob\/wp-json\/wp\/v2\/posts\/8625\/revisions"}],"wp:attachment":[{"href":"https:\/\/meier-gerdingh.de\/wp-spd-ob\/wp-json\/wp\/v2\/media?parent=8625"}],"wp:term":[{"taxonomy":"category","embeddable":true,"href":"https:\/\/meier-gerdingh.de\/wp-spd-ob\/wp-json\/wp\/v2\/categories?post=8625"},{"taxonomy":"post_tag","embeddable":true,"href":"https:\/\/meier-gerdingh.de\/wp-spd-ob\/wp-json\/wp\/v2\/tags?post=8625"},{"taxonomy":"quellen","embeddable":true,"href":"https:\/\/meier-gerdingh.de\/wp-spd-ob\/wp-json\/wp\/v2\/quellen?post=8625"}],"curies":[{"name":"wp","href":"https:\/\/api.w.org\/{rel}","templated":true}]}}