{"id":8629,"date":"2021-11-23T18:33:25","date_gmt":"2021-11-23T17:33:25","guid":{"rendered":"https:\/\/meier-gerdingh.de\/wp-spd-ob\/?p=8629"},"modified":"2021-11-23T18:33:25","modified_gmt":"2021-11-23T17:33:25","slug":"abellio-pleite-bedroht-zugverkehr-in-dinslaken-und-oberhausen","status":"publish","type":"post","link":"https:\/\/meier-gerdingh.de\/wp-spd-ob\/2021\/11\/23\/abellio-pleite-bedroht-zugverkehr-in-dinslaken-und-oberhausen\/","title":{"rendered":"Abellio-Pleite bedroht Zugverkehr in Dinslaken und Oberhausen"},"content":{"rendered":"<div id=\"attachment_4242\" style=\"width: 150px\" class=\"wp-caption alignleft\"><a href=\"https:\/\/meier-gerdingh.de\/wp-spd-ob\/wp-content\/uploads\/2017\/05\/zimkeit_stefan_17.jpg\"><img aria-describedby=\"caption-attachment-4242\" decoding=\"async\" class=\"size-full wp-image-4242\" src=\"https:\/\/meier-gerdingh.de\/wp-spd-ob\/wp-content\/uploads\/2017\/05\/zimkeit_stefan_17.jpg\" alt=\"\" width=\"140\" height=\"192\" \/><\/a><p id=\"caption-attachment-4242\" class=\"wp-caption-text\">Stefan Zimkeit ist Landtagsabgeordneter f\u00fcr Oberhausen-Sterkrade und Dinslaken sowie haushalts- und finanzpolitischer Sprecher der SPD-Landtagsfraktion<\/p><\/div>\n<p>Der Wahlkreisabgeordnete Stefan Zimkeit (SPD) macht sich gro\u00dfe Sorgen um die Schienenanbindung von Dinslaken und Sterkrade. &#8222;Denn die Z\u00fcge des Unternehmens Abellio, das sich in einem Insolvenzverfahren befindet, werden voraussichtlich am 1. Februar ihren Betrieb einstellen. Dann muss per Notvergabe auf ein anderes Bahnunternehmen umgestellt werden, was einige Zeit kostet.&#8220; Zimkeit bef\u00fcrchtet, dass die Abellio-Linien wochenlang nicht bedient werden k\u00f6nnen.<\/p>\n<p>Die SPD-Landtagsfraktion hat das Thema deshalb auf die Tagesordnung des Landtages gesetzt.<!--more--><\/p>\n<p>&#8222;Es kann nicht sein, dass die Landesregierung weiterhin in der Zuschauerrolle verharrt. Ministerpr\u00e4sident W\u00fcst hat viel zu wenig getan.&#8220; Auf der Hollandstrecke sei mit dem Rhein-Ijssel-Express (RE 19) und dem Wupper-Lippe-Express (RE 49) ein Gro\u00dfteil des Zugangebots von der zeitweisen Einstellung bedroht, nur der RE 5 w\u00fcrde weiter verkehren.<\/p>\n<p>&#8222;Das ist f\u00fcr die Fahrg\u00e4ste nicht zumutbar&#8220;, sagt Zimkeit, der nahezu t\u00e4glich die Z\u00fcge seines Wahlkreises nutzt. &#8222;Bereits jetzt scheint kaum noch ein Zug halbwegs p\u00fcnktlich unterwegs zu sein&#8220;, berichtet er von seinen Beobachtungen.<\/p>\n<p>Von dem Abellio-Aus w\u00e4ren in Oberhausen auch die S 3, die Rhein-Emscher-Bahn (RB 32) und die Emscher-Niederrhein-Bahn (RB 35) betroffen. &#8222;Das kommt nicht \u00fcberraschend.&#8220; Die unzureichende Finanzierung des Schienenpersonennahverkehrs in NRW sei eine der vielen Baustellen, die die amtierende Landesregierung hinterl\u00e4sst, sagt der SPD-Finanzexperte. Zimkeit wirft der schwarz-gelben Koalition vor, ihrer Verantwortung f\u00fcr die Daseinsvorsorge nicht gerecht geworden zu sein.<\/p>\n<p>&#8222;Der Schienenverkehr ist ein entscheidender Baustein bei der Klimawende. Hendrik W\u00fcst hat in seiner Zeit als Verkehrsminister aber nichts daf\u00fcr getan, wenigstens f\u00fcr ein stabiles Angebot zu sorgen. Seine Behauptung, er wolle NRW wieder zu einem Bahnland machen, war ein reines Lippenbekenntnis.&#8220;<\/p>\n<p>Sorgen macht sich Stefan Zimkeit auch um die mehr als 1000 Abellio-Besch\u00e4ftigten. &#8222;Sie brauchen dringend Klarheit. Ohne ihr Mitwirken w\u00e4re eine schnelle Umstellung der Zuglinien auf andere Verkehrsunternehmen illusorisch. Auch hier muss die CDU-FDP-Landesregierung umgehend handeln.&#8220;<\/p>\n","protected":false},"excerpt":{"rendered":"<p>Der Wahlkreisabgeordnete Stefan Zimkeit (SPD) macht sich gro\u00dfe Sorgen um die Schienenanbindung von Dinslaken und Sterkrade. &#8222;Denn die Z\u00fcge des Unternehmens Abellio, das sich in einem Insolvenzverfahren befindet, werden voraussichtlich&hellip; <\/p>\n","protected":false},"author":1,"featured_media":0,"comment_status":"closed","ping_status":"closed","sticky":false,"template":"","format":"standard","meta":{"footnotes":""},"categories":[216,3070],"tags":[1296,3075,3076,34,3079,1995,484,3081,55,3078,3080,1039,3072,3077,3073,3071,1044,3074],"quellen":[331],"class_list":["post-8629","post","type-post","status-publish","format-standard","hentry","category-land","category-mobilitaet","tag-abellio","tag-abellio-beschaeftigte","tag-abellio-insolvenz","tag-arbeitsplaetze","tag-emscher-niederrhein-bahn","tag-insolvenz","tag-klimaschutz","tag-klimawende","tag-oepnv","tag-rb-32","tag-rb-35","tag-re-19","tag-re-49","tag-rhein-emscher-bahn","tag-rhein-ijssel-express","tag-schienengebundener-nahverkehr","tag-spnv","tag-wupper-lippe-express","quellen-mdl-stefan-zimkeit"],"_links":{"self":[{"href":"https:\/\/meier-gerdingh.de\/wp-spd-ob\/wp-json\/wp\/v2\/posts\/8629","targetHints":{"allow":["GET"]}}],"collection":[{"href":"https:\/\/meier-gerdingh.de\/wp-spd-ob\/wp-json\/wp\/v2\/posts"}],"about":[{"href":"https:\/\/meier-gerdingh.de\/wp-spd-ob\/wp-json\/wp\/v2\/types\/post"}],"author":[{"embeddable":true,"href":"https:\/\/meier-gerdingh.de\/wp-spd-ob\/wp-json\/wp\/v2\/users\/1"}],"replies":[{"embeddable":true,"href":"https:\/\/meier-gerdingh.de\/wp-spd-ob\/wp-json\/wp\/v2\/comments?post=8629"}],"version-history":[{"count":0,"href":"https:\/\/meier-gerdingh.de\/wp-spd-ob\/wp-json\/wp\/v2\/posts\/8629\/revisions"}],"wp:attachment":[{"href":"https:\/\/meier-gerdingh.de\/wp-spd-ob\/wp-json\/wp\/v2\/media?parent=8629"}],"wp:term":[{"taxonomy":"category","embeddable":true,"href":"https:\/\/meier-gerdingh.de\/wp-spd-ob\/wp-json\/wp\/v2\/categories?post=8629"},{"taxonomy":"post_tag","embeddable":true,"href":"https:\/\/meier-gerdingh.de\/wp-spd-ob\/wp-json\/wp\/v2\/tags?post=8629"},{"taxonomy":"quellen","embeddable":true,"href":"https:\/\/meier-gerdingh.de\/wp-spd-ob\/wp-json\/wp\/v2\/quellen?post=8629"}],"curies":[{"name":"wp","href":"https:\/\/api.w.org\/{rel}","templated":true}]}}