{"id":8632,"date":"2021-11-26T18:55:18","date_gmt":"2021-11-26T17:55:18","guid":{"rendered":"https:\/\/meier-gerdingh.de\/wp-spd-ob\/?p=8632"},"modified":"2021-11-26T18:57:36","modified_gmt":"2021-11-26T17:57:36","slug":"oberhausener-spd-landtagsabgeordnete-werben-fuer-impfungen","status":"publish","type":"post","link":"https:\/\/meier-gerdingh.de\/wp-spd-ob\/2021\/11\/26\/oberhausener-spd-landtagsabgeordnete-werben-fuer-impfungen\/","title":{"rendered":"Oberhausener SPD-Landtagsabgeordnete werben f\u00fcr Impfungen"},"content":{"rendered":"<p><a href=\"https:\/\/meier-gerdingh.de\/wp-spd-ob\/wp-content\/uploads\/2019\/12\/lt-nrw-2019.jpg\"><img decoding=\"async\" class=\"aligncenter size-full wp-image-6871\" src=\"https:\/\/meier-gerdingh.de\/wp-spd-ob\/wp-content\/uploads\/2019\/12\/lt-nrw-2019.jpg\" alt=\"\" width=\"800\" height=\"300\" srcset=\"https:\/\/meier-gerdingh.de\/wp-spd-ob\/wp-content\/uploads\/2019\/12\/lt-nrw-2019.jpg 800w, https:\/\/meier-gerdingh.de\/wp-spd-ob\/wp-content\/uploads\/2019\/12\/lt-nrw-2019-300x113.jpg 300w, https:\/\/meier-gerdingh.de\/wp-spd-ob\/wp-content\/uploads\/2019\/12\/lt-nrw-2019-768x288.jpg 768w\" sizes=\"(max-width: 800px) 100vw, 800px\" \/><\/a>\u00dcber die dramatische Entwicklung der aktuell vierten Corona-Welle zeigen sich die SPD-Landtagsabgeordneten Sonja Bongers, Frederick Cordes und Stefan Zimkeit entsetzt und fordern neben sch\u00e4rferen gesetzlichen Ma\u00dfnahmen dazu auf, dass sich alle Menschen impfen lassen. Gleichzeitig m\u00fcsse die Landesregierung endlich sicherstellen, dass alle die notwendige Booster-Impfung sofort bekommen.<!--more--><\/p>\n<p>Heute habe der Landtag einer Verordnung zugestimmt, die eine Verlegung von Corona-Intensivpatienten zwischen den Bundesl\u00e4ndern erm\u00f6glicht. Die Situation in den Krankenh\u00e4usern spitze sich bundesweit zu, weshalb Nordrhein-Westfalen umgehend striktere Ma\u00dfnahmen ergreifen muss, sind sich die drei Abgeordneten einig.<\/p>\n<p>Um eine \u00dcberforderung der Krankenh\u00e4user in NRW zu verhindern, hat der Landtag beschlossen, dass die Landesregierung Krankenh\u00e4user verpflichten kann, Intensivbetten freizuhalten.<\/p>\n<p>&#8222;Wir kommen auch in Oberhausen um Kontaktbeschr\u00e4nkungen f\u00fcr Ungeimpfte nicht herum. Allein mit 2G, 2Gplus oder 3G werden wir die vierte Welle nicht brechen&#8220;, ist Stefan Zimkeit \u00fcberzeugt. Die Maskenpflicht an Schulen abzuschaffen, sei ein Fehler gewesen und m\u00fcsse schnellstens korrigiert werden.<\/p>\n<p>Gleichzeitig appellieren die SPD-Abgeordneten an ungeimpfte Menschen, sich einen Ruck zu geben und mit einer Impfung nicht nur sich selber zu sch\u00fctzen, sondern auch zu einer Normalisierung des gesellschaftlichen Lebens beizutragen.<\/p>\n<p>&#8222;Ansonsten werden wir an einer Impfpflicht nicht vorbeikommen, um eine f\u00fcnfte Welle zu verhindern&#8220;, stellt Sonja Bongers fest und ihr Kollege Frederick Cordes erg\u00e4nzt: &#8222;Je konsequenter wir handeln, desto schneller werden wir die vierte Welle abflachen k\u00f6nnen.&#8220;<\/p>\n","protected":false},"excerpt":{"rendered":"<p>\u00dcber die dramatische Entwicklung der aktuell vierten Corona-Welle zeigen sich die SPD-Landtagsabgeordneten Sonja Bongers, Frederick Cordes und Stefan Zimkeit entsetzt und fordern neben sch\u00e4rferen gesetzlichen Ma\u00dfnahmen dazu auf, dass sich&hellip; <\/p>\n","protected":false},"author":1,"featured_media":0,"comment_status":"closed","ping_status":"closed","sticky":false,"template":"","format":"standard","meta":{"footnotes":""},"categories":[2275],"tags":[3052,3084,2463,2223,2228,2218,3086,2338,3085],"quellen":[2806,1317,331],"class_list":["post-8632","post","type-post","status-publish","format-standard","hentry","category-corona-krise","tag-boosterimpfungen","tag-corona-intensivpatienten","tag-corona-pandemie","tag-coronavirus","tag-coronavirus-krise","tag-covid-19-krise","tag-impfpflicht","tag-kontaktbeschraenkungen","tag-maskenpflicht-an-schulen","quellen-mdl-frederick-cordes","quellen-mdl-sonja-bongers","quellen-mdl-stefan-zimkeit"],"_links":{"self":[{"href":"https:\/\/meier-gerdingh.de\/wp-spd-ob\/wp-json\/wp\/v2\/posts\/8632","targetHints":{"allow":["GET"]}}],"collection":[{"href":"https:\/\/meier-gerdingh.de\/wp-spd-ob\/wp-json\/wp\/v2\/posts"}],"about":[{"href":"https:\/\/meier-gerdingh.de\/wp-spd-ob\/wp-json\/wp\/v2\/types\/post"}],"author":[{"embeddable":true,"href":"https:\/\/meier-gerdingh.de\/wp-spd-ob\/wp-json\/wp\/v2\/users\/1"}],"replies":[{"embeddable":true,"href":"https:\/\/meier-gerdingh.de\/wp-spd-ob\/wp-json\/wp\/v2\/comments?post=8632"}],"version-history":[{"count":0,"href":"https:\/\/meier-gerdingh.de\/wp-spd-ob\/wp-json\/wp\/v2\/posts\/8632\/revisions"}],"wp:attachment":[{"href":"https:\/\/meier-gerdingh.de\/wp-spd-ob\/wp-json\/wp\/v2\/media?parent=8632"}],"wp:term":[{"taxonomy":"category","embeddable":true,"href":"https:\/\/meier-gerdingh.de\/wp-spd-ob\/wp-json\/wp\/v2\/categories?post=8632"},{"taxonomy":"post_tag","embeddable":true,"href":"https:\/\/meier-gerdingh.de\/wp-spd-ob\/wp-json\/wp\/v2\/tags?post=8632"},{"taxonomy":"quellen","embeddable":true,"href":"https:\/\/meier-gerdingh.de\/wp-spd-ob\/wp-json\/wp\/v2\/quellen?post=8632"}],"curies":[{"name":"wp","href":"https:\/\/api.w.org\/{rel}","templated":true}]}}