{"id":8637,"date":"2021-11-30T18:35:45","date_gmt":"2021-11-30T17:35:45","guid":{"rendered":"https:\/\/meier-gerdingh.de\/wp-spd-ob\/?p=8637"},"modified":"2021-11-30T18:35:45","modified_gmt":"2021-11-30T17:35:45","slug":"welt-aids-tag-fuer-mehr-aufklaerung-und-weniger-vorurteile","status":"publish","type":"post","link":"https:\/\/meier-gerdingh.de\/wp-spd-ob\/2021\/11\/30\/welt-aids-tag-fuer-mehr-aufklaerung-und-weniger-vorurteile\/","title":{"rendered":"Welt-Aids-Tag &#8211; F\u00fcr mehr Aufkl\u00e4rung und weniger Vorurteile"},"content":{"rendered":"<div id=\"attachment_7690\" style=\"width: 170px\" class=\"wp-caption alignleft\"><a href=\"https:\/\/meier-gerdingh.de\/wp-spd-ob\/wp-content\/uploads\/2020\/11\/bongers-sonja-2020-lg.jpg\"><img aria-describedby=\"caption-attachment-7690\" decoding=\"async\" class=\"size-full wp-image-7690\" src=\"https:\/\/meier-gerdingh.de\/wp-spd-ob\/wp-content\/uploads\/2020\/11\/bongers-sonja-2020.jpg\" alt=\"\" width=\"160\" height=\"200\" \/><\/a><p id=\"caption-attachment-7690\" class=\"wp-caption-text\">Sonja Bongers ist Vorsitzende der SPD-Ratsfraktion und Mitglied des Landtags von Nordrhein-Westfalen<\/p><\/div>\n<p>&#8222;Am heutigen Welt-AIDS-Tag m\u00f6chte auch ich ein Zeichen f\u00fcr ein Miteinander ohne Vorurteile und Ausgrenzung setzen&#8220;, wirbt die Landtagsabgeordnete Sonja Bongers f\u00fcr dieses wichtige Anliegen.<\/p>\n<p>Seit 40 Jahren ist diese Krankheit bereits bekannt. 38 Millionen Menschen leben weltweit mit dieser Erkrankung, wobei leider ein Viertel davon noch keinen Zugang zu Medikamenten hat.<!--more--><\/p>\n<p>Gerade Corona ist f\u00fcr Menschen mit HIV ein besonderes Risiko. Menschen, die HIV-positiv sind, haben ein moderat erh\u00f6htes Risiko an Corona zu versterben. HIV-positive Menschen, die keine Medikamente nehmen, an AIDS erkrankt sind oder ein geschw\u00e4chtes Immunsystem haben, haben ein erh\u00f6htes Risiko f\u00fcr einen schweren Coronaverlauf.<\/p>\n<p>Nichtsdestotrotz f\u00fchren die allermeisten Menschen mit dieser Krankheit ein ganz normales Leben und haben die gleichen Alltagsfreuden und Alltagssorgen wie andere auch. Wenn sie den Virus durch Medikamente im Griff haben, k\u00f6nnen sie ihrem Beruf nachgehen und auch eine Familie gr\u00fcnden, wenn sie das m\u00f6chten.<\/p>\n<p>Die Deutsche AIDS-Hilfe bietet Beratung und Aufkl\u00e4rung an und k\u00e4mpft gegen Ausgrenzung und Diskriminierung, die manche Betroffene leider immer noch erfahren.<\/p>\n<p><strong>Weitere Informationen<\/strong> gibt es unter:<\/p>\n<p><a href=\"https:\/\/www.aidshilfe.de\/\">https:\/\/www.aidshilfe.de\/<\/a><br \/>\n<a href=\"https:\/\/www.welt-aids-tag.de\/\">https:\/\/www.welt-aids-tag.de\/<\/a><\/p>\n","protected":false},"excerpt":{"rendered":"<p>&#8222;Am heutigen Welt-AIDS-Tag m\u00f6chte auch ich ein Zeichen f\u00fcr ein Miteinander ohne Vorurteile und Ausgrenzung setzen&#8220;, wirbt die Landtagsabgeordnete Sonja Bongers f\u00fcr dieses wichtige Anliegen. Seit 40 Jahren ist diese&hellip; <\/p>\n","protected":false},"author":1,"featured_media":0,"comment_status":"closed","ping_status":"closed","sticky":false,"template":"","format":"standard","meta":{"footnotes":""},"categories":[2275,297],"tags":[3090,2789,3093,3092,3091],"quellen":[1317],"class_list":["post-8637","post","type-post","status-publish","format-standard","hentry","category-corona-krise","category-gesundheit","tag-aids","tag-corona","tag-deutsche-aids-hilfe","tag-hiv","tag-welt-aids-tag","quellen-mdl-sonja-bongers"],"_links":{"self":[{"href":"https:\/\/meier-gerdingh.de\/wp-spd-ob\/wp-json\/wp\/v2\/posts\/8637","targetHints":{"allow":["GET"]}}],"collection":[{"href":"https:\/\/meier-gerdingh.de\/wp-spd-ob\/wp-json\/wp\/v2\/posts"}],"about":[{"href":"https:\/\/meier-gerdingh.de\/wp-spd-ob\/wp-json\/wp\/v2\/types\/post"}],"author":[{"embeddable":true,"href":"https:\/\/meier-gerdingh.de\/wp-spd-ob\/wp-json\/wp\/v2\/users\/1"}],"replies":[{"embeddable":true,"href":"https:\/\/meier-gerdingh.de\/wp-spd-ob\/wp-json\/wp\/v2\/comments?post=8637"}],"version-history":[{"count":0,"href":"https:\/\/meier-gerdingh.de\/wp-spd-ob\/wp-json\/wp\/v2\/posts\/8637\/revisions"}],"wp:attachment":[{"href":"https:\/\/meier-gerdingh.de\/wp-spd-ob\/wp-json\/wp\/v2\/media?parent=8637"}],"wp:term":[{"taxonomy":"category","embeddable":true,"href":"https:\/\/meier-gerdingh.de\/wp-spd-ob\/wp-json\/wp\/v2\/categories?post=8637"},{"taxonomy":"post_tag","embeddable":true,"href":"https:\/\/meier-gerdingh.de\/wp-spd-ob\/wp-json\/wp\/v2\/tags?post=8637"},{"taxonomy":"quellen","embeddable":true,"href":"https:\/\/meier-gerdingh.de\/wp-spd-ob\/wp-json\/wp\/v2\/quellen?post=8637"}],"curies":[{"name":"wp","href":"https:\/\/api.w.org\/{rel}","templated":true}]}}