{"id":8640,"date":"2021-12-07T19:32:53","date_gmt":"2021-12-07T18:32:53","guid":{"rendered":"https:\/\/meier-gerdingh.de\/wp-spd-ob\/?p=8640"},"modified":"2021-12-07T19:32:53","modified_gmt":"2021-12-07T18:32:53","slug":"98-prozent-zustimmung-fuer-stefan-zimkeit-als-spd-kandidat-fuer-sterkrade-und-dinslaken","status":"publish","type":"post","link":"https:\/\/meier-gerdingh.de\/wp-spd-ob\/2021\/12\/07\/98-prozent-zustimmung-fuer-stefan-zimkeit-als-spd-kandidat-fuer-sterkrade-und-dinslaken\/","title":{"rendered":"98 Prozent Zustimmung f\u00fcr Stefan Zimkeit als SPD-Kandidat f\u00fcr Sterkrade und Dinslaken"},"content":{"rendered":"<div id=\"attachment_4242\" style=\"width: 150px\" class=\"wp-caption alignleft\"><a href=\"https:\/\/meier-gerdingh.de\/wp-spd-ob\/wp-content\/uploads\/2017\/05\/zimkeit_stefan_17.jpg\"><img aria-describedby=\"caption-attachment-4242\" decoding=\"async\" class=\"size-full wp-image-4242\" src=\"https:\/\/meier-gerdingh.de\/wp-spd-ob\/wp-content\/uploads\/2017\/05\/zimkeit_stefan_17.jpg\" alt=\"\" width=\"140\" height=\"192\" \/><\/a><p id=\"caption-attachment-4242\" class=\"wp-caption-text\">Stefan Zimkeit ist Landtagsabgeordneter f\u00fcr Oberhausen-Sterkrade und Dinslaken sowie haushalts- und finanzpolitischer Sprecher der SPD-Landtagsfraktion<\/p><\/div>\n<p>Stefan Zimkeit ist erneut als Landtagskandidat f\u00fcr den Wahlkreis Sterkrade\/Dinslaken aufgestellt worden. Bei der SPD-Wahlkreisdelegiertenversammlung in Dinslaken-Hiesfeld wurde er mit 98 Prozent Zustimmung gew\u00e4hlt.<\/p>\n<p>In seiner Rede vor den Delegierten \u00e4u\u00dferte der Abgeordnete den Wunsch, im Mai an Koalitionsverhandlungen auf Landesebene teilnehmen zu k\u00f6nnen. &#8222;Wir haben eine realistische Chance&#8220;, formulierte er seine Hoffnung, &#8222;an die erfolgreichen Koalitionsverhandlungen in Berlin ankn\u00fcpfen zu k\u00f6nnen&#8220;.<!--more--><\/p>\n<p>&#8222;Wir m\u00fcssen mehr f\u00fcr Chancengleichheit tun&#8220;, nannte Zimkeit ein zentrales sozialdemokratisches Ziel. &#8222;Wir m\u00fcssen die Kitas besser ausstatten, und wir m\u00fcssen an den Schulen daf\u00fcr sorgen, dass die w\u00e4hrend Corona entstandenen Bildungsr\u00fcckst\u00e4nde aufgeholt werden k\u00f6nnen.&#8220;<\/p>\n<p>Au\u00dferdem gehe es um die Digitalisierung der Schulen. &#8222;Wir m\u00fcssen nicht nur bei der Technik an Tempo gewinnen&#8220;, so Zimkeit, &#8222;sondern insbesondere auch bei der P\u00e4dagogik.&#8220; Hinzu komme die Notwendigkeit, in die Schulgeb\u00e4ude zu investieren, pl\u00e4dierte der SPD-Finanzexperte f\u00fcr eine Neuauflage des Programms &#8222;Gute Schule&#8220;.<\/p>\n<p>Bezahlbarer Wohnraum sei die soziale Frage des 21. Jahrhunderts, nannte Zimkeit einen zweiten Themenschwerpunkt f\u00fcr den Wahlkampf. &#8222;Wir haben mit der neuen Bundesregierung einen guten Partner.&#8220; Hier m\u00fcsse das Land ankn\u00fcpfen. &#8222;Wir brauchen eine landeseigene Wohnungsbaugesellschaft.&#8220;<\/p>\n<p>Handlungsf\u00e4hige Kommunen und eine L\u00f6sung f\u00fcr die Altschuldenproblematik sei eine dringende Herausforderung insbesondere f\u00fcr Oberhausen. &#8222;Es darf nicht sein, dass sich das daf\u00fcr zust\u00e4ndige Land hinter dem Bund versteckt.&#8220; Der Landtagsabgeordnete kritisierte mit deutlichen Worten die Weigerung der schwarz-gelben Landesregierung, den St\u00e4dten die coronabedingten Steuerausf\u00e4lle zu erstatten.<\/p>\n<p>Stefan Zimkeit warf dem Ministerpr\u00e4sidenten Hendrik W\u00fcst vor, sich in die Tradition von Armin Laschet zu stellen. Dies gelte insbesondere f\u00fcr sein Hin und Her bei der Pandemiebek\u00e4mpfung. Kontaktverbote f\u00fcr Ungeimpfte seien in NRW auch ohne den Bund umsetzbar gewesen, erl\u00e4uterte Zimkeit. Er warf der CDU-FDP-Landesregierung vor, zu sp\u00e4t auf die vierte Welle reagiert zu haben.<\/p>\n","protected":false},"excerpt":{"rendered":"<p>Stefan Zimkeit ist erneut als Landtagskandidat f\u00fcr den Wahlkreis Sterkrade\/Dinslaken aufgestellt worden. Bei der SPD-Wahlkreisdelegiertenversammlung in Dinslaken-Hiesfeld wurde er mit 98 Prozent Zustimmung gew\u00e4hlt. In seiner Rede vor den Delegierten&hellip; <\/p>\n","protected":false},"author":1,"featured_media":0,"comment_status":"closed","ping_status":"closed","sticky":false,"template":"","format":"standard","meta":{"footnotes":""},"categories":[216,173,178],"tags":[2463,2223,2228,2218,1008,3089,2666,3087,3088,3094,46,1112],"quellen":[331,327],"class_list":["post-8640","post","type-post","status-publish","format-standard","hentry","category-land","category-parteileben","category-wahlen","tag-corona-pandemie","tag-coronavirus","tag-coronavirus-krise","tag-covid-19-krise","tag-dinslaken","tag-landtagskandidatinnen-und-landtagskandidaten","tag-landtagswahl-2022","tag-landtagswahl-nrw","tag-landtagswahlkampf-2022","tag-stefan-zimkeit","tag-sterkrade","tag-wahlkampf","quellen-mdl-stefan-zimkeit","quellen-spd-unterbezirk-oberhausen"],"_links":{"self":[{"href":"https:\/\/meier-gerdingh.de\/wp-spd-ob\/wp-json\/wp\/v2\/posts\/8640","targetHints":{"allow":["GET"]}}],"collection":[{"href":"https:\/\/meier-gerdingh.de\/wp-spd-ob\/wp-json\/wp\/v2\/posts"}],"about":[{"href":"https:\/\/meier-gerdingh.de\/wp-spd-ob\/wp-json\/wp\/v2\/types\/post"}],"author":[{"embeddable":true,"href":"https:\/\/meier-gerdingh.de\/wp-spd-ob\/wp-json\/wp\/v2\/users\/1"}],"replies":[{"embeddable":true,"href":"https:\/\/meier-gerdingh.de\/wp-spd-ob\/wp-json\/wp\/v2\/comments?post=8640"}],"version-history":[{"count":0,"href":"https:\/\/meier-gerdingh.de\/wp-spd-ob\/wp-json\/wp\/v2\/posts\/8640\/revisions"}],"wp:attachment":[{"href":"https:\/\/meier-gerdingh.de\/wp-spd-ob\/wp-json\/wp\/v2\/media?parent=8640"}],"wp:term":[{"taxonomy":"category","embeddable":true,"href":"https:\/\/meier-gerdingh.de\/wp-spd-ob\/wp-json\/wp\/v2\/categories?post=8640"},{"taxonomy":"post_tag","embeddable":true,"href":"https:\/\/meier-gerdingh.de\/wp-spd-ob\/wp-json\/wp\/v2\/tags?post=8640"},{"taxonomy":"quellen","embeddable":true,"href":"https:\/\/meier-gerdingh.de\/wp-spd-ob\/wp-json\/wp\/v2\/quellen?post=8640"}],"curies":[{"name":"wp","href":"https:\/\/api.w.org\/{rel}","templated":true}]}}