{"id":8641,"date":"2021-12-07T20:07:28","date_gmt":"2021-12-07T19:07:28","guid":{"rendered":"https:\/\/meier-gerdingh.de\/wp-spd-ob\/?p=8641"},"modified":"2021-12-07T20:07:28","modified_gmt":"2021-12-07T19:07:28","slug":"s-bahnhof-fuer-buschhausen-rueckt-in-greifbare-naehe","status":"publish","type":"post","link":"https:\/\/meier-gerdingh.de\/wp-spd-ob\/2021\/12\/07\/s-bahnhof-fuer-buschhausen-rueckt-in-greifbare-naehe\/","title":{"rendered":"S-Bahnhof f\u00fcr Buschhausen r\u00fcckt in greifbare N\u00e4he"},"content":{"rendered":"<div id=\"attachment_4242\" style=\"width: 150px\" class=\"wp-caption alignleft\"><a href=\"https:\/\/meier-gerdingh.de\/wp-spd-ob\/wp-content\/uploads\/2017\/05\/zimkeit_stefan_17.jpg\"><img aria-describedby=\"caption-attachment-4242\" decoding=\"async\" class=\"size-full wp-image-4242\" src=\"https:\/\/meier-gerdingh.de\/wp-spd-ob\/wp-content\/uploads\/2017\/05\/zimkeit_stefan_17.jpg\" alt=\"\" width=\"140\" height=\"192\" \/><\/a><p id=\"caption-attachment-4242\" class=\"wp-caption-text\">Stefan Zimkeit ist Landtagsabgeordneter f\u00fcr Oberhausen-Sterkrade und Dinslaken sowie haushalts- und finanzpolitischer Sprecher der SPD-Landtagsfraktion<\/p><\/div>\n<p>Stefan Zimkeit (SPD) spricht sich f\u00fcr eine baldige Verl\u00e4ngerung der S3 aus. &#8222;Dann w\u00fcrde Buschhausen einen neuen Haltepunkt und alle 30 Minuten eine S-Bahn-Direktverbindung nach Walsum, Essen und Hattingen erhalten&#8220;, erl\u00e4utert Sterkrades Landtagsabgeordneter.<\/p>\n<p>Die soeben vorgelegte Machbarkeitsstudie des VRR hat einen hohen gesamtwirtschaftlichen Nutzen f\u00fcr eine reaktivierte Walsum-Bahn ermittelt. Die Verl\u00e4ngerung der S3 bis Walsum kommt auf einen \u00fcberragend g\u00fcnstigen Nutzen-Kosten-Faktor von 8,5, eine durchg\u00e4ngige Verbindung bis Wesel auf 2,4. Selbst ein 15-Minuten-Takt mit einer zus\u00e4tzlichen Linie Richtung Duisburg ergibt noch einen positiven Faktor.<!--more--><\/p>\n<p>&#8222;Die Machbarkeitsstudie ist sehr ermutigend&#8220;, sagt Stefan Zimkeit. &#8222;1983 fuhr auf der durch Buschhausen f\u00fchrenden Walsumbahn der letzte Nahverkehrszug. Die damalige Stilllegung r\u00fcckg\u00e4ngig zu machen, ist die richtige Antwort auf den Klimawandel.&#8220;<\/p>\n","protected":false},"excerpt":{"rendered":"<p>Stefan Zimkeit (SPD) spricht sich f\u00fcr eine baldige Verl\u00e4ngerung der S3 aus. &#8222;Dann w\u00fcrde Buschhausen einen neuen Haltepunkt und alle 30 Minuten eine S-Bahn-Direktverbindung nach Walsum, Essen und Hattingen erhalten&#8220;,&hellip; <\/p>\n","protected":false},"author":1,"featured_media":0,"comment_status":"closed","ping_status":"closed","sticky":false,"template":"","format":"standard","meta":{"footnotes":""},"categories":[3070,27],"tags":[1139,771,1408,55,3095,1044,2188],"quellen":[331],"class_list":["post-8641","post","type-post","status-publish","format-standard","hentry","category-mobilitaet","category-planen-bauen-wohnen-verkehr","tag-buschhausen","tag-klimawandel","tag-mobilitaet","tag-oepnv","tag-s3","tag-spnv","tag-walsum-bahn","quellen-mdl-stefan-zimkeit"],"_links":{"self":[{"href":"https:\/\/meier-gerdingh.de\/wp-spd-ob\/wp-json\/wp\/v2\/posts\/8641","targetHints":{"allow":["GET"]}}],"collection":[{"href":"https:\/\/meier-gerdingh.de\/wp-spd-ob\/wp-json\/wp\/v2\/posts"}],"about":[{"href":"https:\/\/meier-gerdingh.de\/wp-spd-ob\/wp-json\/wp\/v2\/types\/post"}],"author":[{"embeddable":true,"href":"https:\/\/meier-gerdingh.de\/wp-spd-ob\/wp-json\/wp\/v2\/users\/1"}],"replies":[{"embeddable":true,"href":"https:\/\/meier-gerdingh.de\/wp-spd-ob\/wp-json\/wp\/v2\/comments?post=8641"}],"version-history":[{"count":0,"href":"https:\/\/meier-gerdingh.de\/wp-spd-ob\/wp-json\/wp\/v2\/posts\/8641\/revisions"}],"wp:attachment":[{"href":"https:\/\/meier-gerdingh.de\/wp-spd-ob\/wp-json\/wp\/v2\/media?parent=8641"}],"wp:term":[{"taxonomy":"category","embeddable":true,"href":"https:\/\/meier-gerdingh.de\/wp-spd-ob\/wp-json\/wp\/v2\/categories?post=8641"},{"taxonomy":"post_tag","embeddable":true,"href":"https:\/\/meier-gerdingh.de\/wp-spd-ob\/wp-json\/wp\/v2\/tags?post=8641"},{"taxonomy":"quellen","embeddable":true,"href":"https:\/\/meier-gerdingh.de\/wp-spd-ob\/wp-json\/wp\/v2\/quellen?post=8641"}],"curies":[{"name":"wp","href":"https:\/\/api.w.org\/{rel}","templated":true}]}}