{"id":8644,"date":"2021-12-09T20:26:13","date_gmt":"2021-12-09T19:26:13","guid":{"rendered":"https:\/\/meier-gerdingh.de\/wp-spd-ob\/?p=8644"},"modified":"2021-12-09T20:26:13","modified_gmt":"2021-12-09T19:26:13","slug":"nrw-legt-alltagshelfer-programm-fuer-die-kitas-neu-auf","status":"publish","type":"post","link":"https:\/\/meier-gerdingh.de\/wp-spd-ob\/2021\/12\/09\/nrw-legt-alltagshelfer-programm-fuer-die-kitas-neu-auf\/","title":{"rendered":"NRW legt Alltagshelfer-Programm f\u00fcr die Kitas neu auf"},"content":{"rendered":"<div id=\"attachment_4242\" style=\"width: 150px\" class=\"wp-caption alignleft\"><a href=\"https:\/\/meier-gerdingh.de\/wp-spd-ob\/wp-content\/uploads\/2017\/05\/zimkeit_stefan_17.jpg\"><img aria-describedby=\"caption-attachment-4242\" decoding=\"async\" class=\"size-full wp-image-4242\" src=\"https:\/\/meier-gerdingh.de\/wp-spd-ob\/wp-content\/uploads\/2017\/05\/zimkeit_stefan_17.jpg\" alt=\"\" width=\"140\" height=\"192\" \/><\/a><p id=\"caption-attachment-4242\" class=\"wp-caption-text\">Stefan Zimkeit ist Landtagsabgeordneter f\u00fcr Oberhausen-Sterkrade und Dinslaken sowie haushalts- und finanzpolitischer Sprecher der SPD-Landtagsfraktion<\/p><\/div>\n<p>Die &#8222;Kita-Helfer&#8220; kehren an die Kinderg\u00e4rten zur\u00fcck, teilt der Abgeordnete Stefan Zimkeit (SPD) mit. Im August habe die Landesregierung sie trotz des massiven Protestes der SPD-Opposition und vieler Kitas abberufen. &#8222;Angeblich wurden sie nicht mehr gebraucht, weil die Pandemie zu Ende sei&#8220;, erinnert sich Zimkeit an die l\u00e4ngst widerlegte Behauptung von FDP-Familienminister Joachim Stamp. &#8222;Die Fachleute warnten schon damals vor einem Ansteigen der Inzidenzen im Herbst und im Winter.&#8220;<\/p>\n<p>Stefan Zimkeit, haushaltspolitischer Sprecher der SPD-Fraktion, ist mit seinen Vorst\u00f6\u00dfen im Haushalts- und Finanzausschuss bislang auf taube Ohren gesto\u00dfen. &#8222;Erst jetzt ist die CDU-FDP-Landesregierung bereit, 46 Millionen Euro aus dem Corona-Rettungsschirm zu beantragen, um die Kita-Helferinnen und Helfer zur\u00fcckzuholen&#8220;, berichtet Zimkeit.<!--more--><\/p>\n<p>Er wird das Anliegen in der kurzfristig angesetzten Ausschuss-Sondersitzung selbstverst\u00e4ndlich unterst\u00fctzen. &#8222;Besser sp\u00e4t als nie.&#8220; Der Landtagsabgeordnete hofft, dass die 3500 Helferstellen m\u00f6glichst schnell besetzt werden k\u00f6nnen. &#8222;Es war mehr als fahrl\u00e4ssig, das Programm im Sommer zu beenden.&#8220;<\/p>\n<p>Zimkeit ist von mehreren Kindergartentr\u00e4gern aus Dinslaken und Oberhausen darauf angesprochen worden, wie wichtig das Helfer-Programm f\u00fcr die Erzieherinnen und Erzieher war. &#8222;Als Alltagshelferinnen und -helfer waren sie angesichts des teils eklatanten Fachkr\u00e4ftemangels nahezu unverzichtbar.&#8220;<\/p>\n<p>Dass das FDP-Familienministerium sich damals so entschied, bezeichnet Stefan Zimkeit als &#8222;mangelnde Wertsch\u00e4tzung dessen, was die Kitas w\u00e4hrend der Pandemie geleistet haben.&#8220; Die Sorglosigkeit der Landesregierung im Umgang mit der Pandemie hatte ihn fassungslos gemacht. &#8222;Kindergartenkinder sind nicht geimpft, und Abst\u00e4nde und Masken sind nur sehr selten m\u00f6glich.&#8220;<\/p>\n","protected":false},"excerpt":{"rendered":"<p>Die &#8222;Kita-Helfer&#8220; kehren an die Kinderg\u00e4rten zur\u00fcck, teilt der Abgeordnete Stefan Zimkeit (SPD) mit. Im August habe die Landesregierung sie trotz des massiven Protestes der SPD-Opposition und vieler Kitas abberufen.&hellip; <\/p>\n","protected":false},"author":1,"featured_media":0,"comment_status":"closed","ping_status":"closed","sticky":false,"template":"","format":"standard","meta":{"footnotes":""},"categories":[2275,179,216],"tags":[2463,2572,2223,2228,2218,2958,2004,604,2957,165],"quellen":[331],"class_list":["post-8644","post","type-post","status-publish","format-standard","hentry","category-corona-krise","category-kinder-und-jugendliche","category-land","tag-corona-pandemie","tag-corona-rettungsschirm","tag-coronavirus","tag-coronavirus-krise","tag-covid-19-krise","tag-delta-variante","tag-erzieherinnen-und-erzieher","tag-kindertagesstaetten","tag-kita-helfer-programm","tag-kitas","quellen-mdl-stefan-zimkeit"],"_links":{"self":[{"href":"https:\/\/meier-gerdingh.de\/wp-spd-ob\/wp-json\/wp\/v2\/posts\/8644","targetHints":{"allow":["GET"]}}],"collection":[{"href":"https:\/\/meier-gerdingh.de\/wp-spd-ob\/wp-json\/wp\/v2\/posts"}],"about":[{"href":"https:\/\/meier-gerdingh.de\/wp-spd-ob\/wp-json\/wp\/v2\/types\/post"}],"author":[{"embeddable":true,"href":"https:\/\/meier-gerdingh.de\/wp-spd-ob\/wp-json\/wp\/v2\/users\/1"}],"replies":[{"embeddable":true,"href":"https:\/\/meier-gerdingh.de\/wp-spd-ob\/wp-json\/wp\/v2\/comments?post=8644"}],"version-history":[{"count":0,"href":"https:\/\/meier-gerdingh.de\/wp-spd-ob\/wp-json\/wp\/v2\/posts\/8644\/revisions"}],"wp:attachment":[{"href":"https:\/\/meier-gerdingh.de\/wp-spd-ob\/wp-json\/wp\/v2\/media?parent=8644"}],"wp:term":[{"taxonomy":"category","embeddable":true,"href":"https:\/\/meier-gerdingh.de\/wp-spd-ob\/wp-json\/wp\/v2\/categories?post=8644"},{"taxonomy":"post_tag","embeddable":true,"href":"https:\/\/meier-gerdingh.de\/wp-spd-ob\/wp-json\/wp\/v2\/tags?post=8644"},{"taxonomy":"quellen","embeddable":true,"href":"https:\/\/meier-gerdingh.de\/wp-spd-ob\/wp-json\/wp\/v2\/quellen?post=8644"}],"curies":[{"name":"wp","href":"https:\/\/api.w.org\/{rel}","templated":true}]}}