{"id":8649,"date":"2021-12-15T21:15:30","date_gmt":"2021-12-15T20:15:30","guid":{"rendered":"https:\/\/meier-gerdingh.de\/wp-spd-ob\/?p=8649"},"modified":"2021-12-17T21:17:28","modified_gmt":"2021-12-17T20:17:28","slug":"menstruationsartikel-an-schulen-bald-kostenlos","status":"publish","type":"post","link":"https:\/\/meier-gerdingh.de\/wp-spd-ob\/2021\/12\/15\/menstruationsartikel-an-schulen-bald-kostenlos\/","title":{"rendered":"Menstruationsartikel an Schulen bald kostenlos"},"content":{"rendered":"<div id=\"attachment_8647\" style=\"width: 170px\" class=\"wp-caption alignleft\"><a href=\"https:\/\/meier-gerdingh.de\/wp-spd-ob\/wp-content\/uploads\/2021\/12\/salwik-claudia-lg.jpg\"><img aria-describedby=\"caption-attachment-8647\" decoding=\"async\" class=\"size-full wp-image-8647\" src=\"https:\/\/meier-gerdingh.de\/wp-spd-ob\/wp-content\/uploads\/2021\/12\/salwik-claudia.jpg\" alt=\"\" width=\"160\" height=\"200\" \/><\/a><p id=\"caption-attachment-8647\" class=\"wp-caption-text\">Claudia Salwik ist Mitglied des Rates der Stadt und gleichstellungspolitische Sprecherin der SPD-Fraktion<\/p><\/div>\n<p>In seiner letzten Sitzung in diesem Jahr hat der Rat die Verwaltung damit beauftragt, an allen weiterf\u00fchrenden Schulen Menstruationsartikel wie Binden und Tampons unentgeltlich zur Verf\u00fcgung zu stellen. Nach einem Jahr soll diese Ma\u00dfnahme evaluiert werden mit dem Ziel, das Vorhaben auf alle \u00f6ffentlichen Geb\u00e4ude in der Stadt auszuweiten. Die 40.000 Euro, die daf\u00fcr im Haushalt vorgesehen sind, werden an einer anderen Haushaltsstelle eingespart.<!--more--><\/p>\n<p>Der Beschluss geht auf einen gemeinsamen Antrag der FDP im Rat und der SPD-Fraktion zur\u00fcck, die Gr\u00fcnen sowie die Linken und BOB hatten ebenfalls f\u00fcr den Antrag votiert, Gegenstimmen gab es sowohl von der CDU als auch von der AfD und dem OfB-Stadtverordneten Horn.<\/p>\n<p>Die kontroversen Diskussionen um diesen Antrag im Beratungsgang hatten die gleichstellungspolitische Sprecherin der SPD, Claudia Salwik, im Vorfeld der Sitzung irritiert.<\/p>\n<p>&#8222;In der Diskussion ging es leider sehr h\u00e4ufig darum, ob insbesondere junge Menschen verantwortlich mit Menstruationsprodukten umgehen k\u00f6nnen&#8220;, so die Stadtverordnete.<\/p>\n<p>&#8222;Das spricht Heranwachsenden nicht nur die F\u00e4higkeit ab, sich zu benehmen, es negiert ebenso die Notwendigkeit des uneingeschr\u00e4nkten Zugangs zu Menstruationsprodukten und die Verantwortung der Gesellschaft, ihre Kinder aufzukl\u00e4ren.&#8220;<\/p>\n<p>Dementsprechend zufrieden zeigte sich die Stadtverordnete mit der Zustimmung zu diesem Antrag: &#8222;Neben der Periodenscham ist auch Periodenarmut ein Problem. Dass die Betroffenen bald nicht mehr auf unhygienische oder gar gesundheitsgef\u00e4hrdende Alternativen ausweichen m\u00fcssen, ist ein absoluter Gewinn f\u00fcr unsere Stadt&#8220;, erkl\u00e4rt Claudia Salwik.<\/p>\n<p>Oberhausen begibt sich damit auf einen innovativen Weg, den bereits einige andere Kommunen gegangen sind wie zum Beispiel Velbert oder Hamm. Im vergangenen Jahr hatte Schottland als erstes Land der Welt ein Gesetz verabschiedet, dass die Verwaltungen \u00f6ffentlicher Geb\u00e4ude dazu verpflichtet, Menstruationsartikel kostenlos bereitzustellen.<\/p>\n","protected":false},"excerpt":{"rendered":"<p>In seiner letzten Sitzung in diesem Jahr hat der Rat die Verwaltung damit beauftragt, an allen weiterf\u00fchrenden Schulen Menstruationsartikel wie Binden und Tampons unentgeltlich zur Verf\u00fcgung zu stellen. Nach einem&hellip; <\/p>\n","protected":false},"author":1,"featured_media":0,"comment_status":"closed","ping_status":"closed","sticky":false,"template":"","format":"standard","meta":{"footnotes":""},"categories":[95],"tags":[1614,3099,3100,1648,1415],"quellen":[326],"class_list":["post-8649","post","type-post","status-publish","format-standard","hentry","category-gleichstellung","tag-antrag","tag-menstruationsartikel","tag-menstruationsprodukte","tag-rat-der-stadt","tag-ratsantrag","quellen-spd-fraktion-oberhausen"],"_links":{"self":[{"href":"https:\/\/meier-gerdingh.de\/wp-spd-ob\/wp-json\/wp\/v2\/posts\/8649","targetHints":{"allow":["GET"]}}],"collection":[{"href":"https:\/\/meier-gerdingh.de\/wp-spd-ob\/wp-json\/wp\/v2\/posts"}],"about":[{"href":"https:\/\/meier-gerdingh.de\/wp-spd-ob\/wp-json\/wp\/v2\/types\/post"}],"author":[{"embeddable":true,"href":"https:\/\/meier-gerdingh.de\/wp-spd-ob\/wp-json\/wp\/v2\/users\/1"}],"replies":[{"embeddable":true,"href":"https:\/\/meier-gerdingh.de\/wp-spd-ob\/wp-json\/wp\/v2\/comments?post=8649"}],"version-history":[{"count":0,"href":"https:\/\/meier-gerdingh.de\/wp-spd-ob\/wp-json\/wp\/v2\/posts\/8649\/revisions"}],"wp:attachment":[{"href":"https:\/\/meier-gerdingh.de\/wp-spd-ob\/wp-json\/wp\/v2\/media?parent=8649"}],"wp:term":[{"taxonomy":"category","embeddable":true,"href":"https:\/\/meier-gerdingh.de\/wp-spd-ob\/wp-json\/wp\/v2\/categories?post=8649"},{"taxonomy":"post_tag","embeddable":true,"href":"https:\/\/meier-gerdingh.de\/wp-spd-ob\/wp-json\/wp\/v2\/tags?post=8649"},{"taxonomy":"quellen","embeddable":true,"href":"https:\/\/meier-gerdingh.de\/wp-spd-ob\/wp-json\/wp\/v2\/quellen?post=8649"}],"curies":[{"name":"wp","href":"https:\/\/api.w.org\/{rel}","templated":true}]}}