{"id":8652,"date":"2021-12-29T23:17:29","date_gmt":"2021-12-29T22:17:29","guid":{"rendered":"https:\/\/meier-gerdingh.de\/wp-spd-ob\/?p=8652"},"modified":"2022-01-18T12:17:35","modified_gmt":"2022-01-18T11:17:35","slug":"abschaffung-der-kita-elternbeitraege","status":"publish","type":"post","link":"https:\/\/meier-gerdingh.de\/wp-spd-ob\/2021\/12\/29\/abschaffung-der-kita-elternbeitraege\/","title":{"rendered":"Abschaffung der Kita-Elternbeitr\u00e4ge"},"content":{"rendered":"<div id=\"attachment_4242\" style=\"width: 150px\" class=\"wp-caption alignleft\"><a href=\"https:\/\/meier-gerdingh.de\/wp-spd-ob\/wp-content\/uploads\/2017\/05\/zimkeit_stefan_17.jpg\"><img aria-describedby=\"caption-attachment-4242\" decoding=\"async\" class=\"size-full wp-image-4242\" src=\"https:\/\/meier-gerdingh.de\/wp-spd-ob\/wp-content\/uploads\/2017\/05\/zimkeit_stefan_17.jpg\" alt=\"\" width=\"140\" height=\"192\" \/><\/a><p id=\"caption-attachment-4242\" class=\"wp-caption-text\">Stefan Zimkeit ist Landtagsabgeordneter f\u00fcr Oberhausen-Sterkrade und Dinslaken sowie haushalts- und finanzpolitischer Sprecher der SPD-Landtagsfraktion<\/p><\/div>\n<p>Stefan Zimkeit setzt sich daf\u00fcr ein, dass die Kindergartengeb\u00fchren in NRW abgeschafft werden. &#8222;Das ist auch der Wunsch der Mehrheit der B\u00fcrgerinnen und B\u00fcrger in Oberhausen&#8220;, weist der SPD-Finanzexperte auf eine repr\u00e4sentative Umfrage des Meinungsforschungsinstituts Civey hin.<\/p>\n<p>Demnach sind 50 Prozent f\u00fcr eine Abschaffung der Elternbeitr\u00e4ge. Nur 16 Prozent der Oberhausenerinnen und Oberhausener m\u00f6chten das bestehende System beibehalten. 26 Prozent der im Auftrag der SPD-Landtagsfraktion Befragten wollen, dass das Land zumindest die H\u00f6he der Geb\u00fchren begrenzt.<!--more--><\/p>\n<p>&#8222;Denn in St\u00e4dten wie Oberhausen sind die Kita-Beitr\u00e4ge hoch, w\u00e4hrend reiche Kommunen wie Monheim oder D\u00fcsseldorf ihre Kinderg\u00e4rten kostenfrei anbieten k\u00f6nnen&#8220;, erl\u00e4utert Zimkeit. &#8222;Das ist ungerecht.&#8220;<\/p>\n<p>Stefan Zimkeit h\u00e4lt eine besondere Beteiligung der Eltern an den Kita-Kosten grunds\u00e4tzlich f\u00fcr falsch: &#8222;Kitas sind Bildungseinrichtungen. Genauso wie Schulen m\u00fcssen sie von der Gesellschaft insgesamt finanziert werden.&#8220;<\/p>\n<p>Bislang seien aber nur die zwei letzten Kindergartenjahre beitragsfrei. &#8222;Das reicht nicht aus. Alle Fachleute sind sich einig, dass eine gute F\u00f6rderung und fr\u00fchkindliche Bildungsangebote deutlich eher einsetzen m\u00fcssen, damit alle Kinder gleich gute Startchancen in der Schule haben&#8220;, sagt Zimkeit.<\/p>\n","protected":false},"excerpt":{"rendered":"<p>Stefan Zimkeit setzt sich daf\u00fcr ein, dass die Kindergartengeb\u00fchren in NRW abgeschafft werden. &#8222;Das ist auch der Wunsch der Mehrheit der B\u00fcrgerinnen und B\u00fcrger in Oberhausen&#8220;, weist der SPD-Finanzexperte auf&hellip; <\/p>\n","protected":false},"author":1,"featured_media":0,"comment_status":"closed","ping_status":"closed","sticky":false,"template":"","format":"standard","meta":{"footnotes":""},"categories":[179],"tags":[782,230,777,941,165,1726,1752],"quellen":[331],"class_list":["post-8652","post","type-post","status-publish","format-standard","hentry","category-kinder-und-jugendliche","tag-elternbeitraege","tag-fruehkindliche-bildung","tag-kindergartengebuehren","tag-kita-beitraege","tag-kitas","tag-kte-gebuehren","tag-ktes","quellen-mdl-stefan-zimkeit"],"_links":{"self":[{"href":"https:\/\/meier-gerdingh.de\/wp-spd-ob\/wp-json\/wp\/v2\/posts\/8652","targetHints":{"allow":["GET"]}}],"collection":[{"href":"https:\/\/meier-gerdingh.de\/wp-spd-ob\/wp-json\/wp\/v2\/posts"}],"about":[{"href":"https:\/\/meier-gerdingh.de\/wp-spd-ob\/wp-json\/wp\/v2\/types\/post"}],"author":[{"embeddable":true,"href":"https:\/\/meier-gerdingh.de\/wp-spd-ob\/wp-json\/wp\/v2\/users\/1"}],"replies":[{"embeddable":true,"href":"https:\/\/meier-gerdingh.de\/wp-spd-ob\/wp-json\/wp\/v2\/comments?post=8652"}],"version-history":[{"count":0,"href":"https:\/\/meier-gerdingh.de\/wp-spd-ob\/wp-json\/wp\/v2\/posts\/8652\/revisions"}],"wp:attachment":[{"href":"https:\/\/meier-gerdingh.de\/wp-spd-ob\/wp-json\/wp\/v2\/media?parent=8652"}],"wp:term":[{"taxonomy":"category","embeddable":true,"href":"https:\/\/meier-gerdingh.de\/wp-spd-ob\/wp-json\/wp\/v2\/categories?post=8652"},{"taxonomy":"post_tag","embeddable":true,"href":"https:\/\/meier-gerdingh.de\/wp-spd-ob\/wp-json\/wp\/v2\/tags?post=8652"},{"taxonomy":"quellen","embeddable":true,"href":"https:\/\/meier-gerdingh.de\/wp-spd-ob\/wp-json\/wp\/v2\/quellen?post=8652"}],"curies":[{"name":"wp","href":"https:\/\/api.w.org\/{rel}","templated":true}]}}