{"id":8659,"date":"2022-01-04T22:27:06","date_gmt":"2022-01-04T21:27:06","guid":{"rendered":"https:\/\/meier-gerdingh.de\/wp-spd-ob\/?p=8659"},"modified":"2022-02-10T20:29:18","modified_gmt":"2022-02-10T19:29:18","slug":"zimkeit-beantragt-notfallfonds","status":"publish","type":"post","link":"https:\/\/meier-gerdingh.de\/wp-spd-ob\/2022\/01\/04\/zimkeit-beantragt-notfallfonds\/","title":{"rendered":"Zimkeit beantragt Notfallfonds"},"content":{"rendered":"<p>Oberhausens SPD-Abgeordneter Stefan Zimkeit schlie\u00dft sich der Kritik des Hauptausschusses Karneval an der Landesregierung an: &#8222;Es darf nicht sein, dass gemeinn\u00fctzige Vereine unter der finanziellen Last von Veranstaltungsabsagen zusammenbrechen.&#8220; <\/p>\n<p>Zimkeit k\u00fcndigt an, im NRW-Haushalts- und Finanzausschuss einen Notfallfonds in H\u00f6he von 20 Millionen Euro zu beantragen.<!--more--><\/p>\n<p>&#8222;Nahezu alle Vereine in Oberhausen und dem gesamten Rheinland sagen wegen der Pandemie freiwillig ihre Karnevalssitzungen ab. Das ist sehr verantwortungsvoll. Jetzt muss aber auch die Landesregierung ihrer Verantwortung gerecht werden, und die finanziellen Ausfallkosten \u00fcbernehmen&#8220;, unterstreicht Zimkeit. &#8222;Auf die Wirtschaftlichkeitshilfe des Bundes zu verweisen, ist dabei zu wenig. Denn viele Karnevalsvereine sind dort nicht antragsberechtigt.&#8220;<\/p>\n<p>Mit dem von der SPD vorgeschlagenen 20-Millionen-Fonds, der aus Mitteln des Corona-Rettungsschirms gespeist wird, ist sichergestellt, dass das Land die \u00dcbernahme der finanziellen Risiken garantiert. &#8222;Es braucht ausreichende und zuverl\u00e4ssige Hilfen, die die Existenz unserer Vereine sichern&#8220;, sagt Stefan Zimkeit. <\/p>\n<p>&#8222;Ein solcher Notfallfonds gelte f\u00fcr den Karneval genau wie f\u00fcr andere gemeinn\u00fctzige Vereine, die aus Verantwortungsbewusstsein auf ihre Veranstaltungen verzichten. Sie d\u00fcrfen nicht im Stich gelassen werden&#8220;, weist Zimkeit darauf hin, dass dort viele ehrenamtlich engagierte B\u00fcrgerinnen und B\u00fcrger f\u00fcr die Vereinsarbeit geradestehen.<\/p>\n","protected":false},"excerpt":{"rendered":"<p>Oberhausens SPD-Abgeordneter Stefan Zimkeit schlie\u00dft sich der Kritik des Hauptausschusses Karneval an der Landesregierung an: &#8222;Es darf nicht sein, dass gemeinn\u00fctzige Vereine unter der finanziellen Last von Veranstaltungsabsagen zusammenbrechen.&#8220; Zimkeit&hellip; <\/p>\n","protected":false},"author":1,"featured_media":0,"comment_status":"closed","ping_status":"closed","sticky":false,"template":"","format":"standard","meta":{"footnotes":""},"categories":[2275,596,216],"tags":[2463,2223,2228,2218,2908,3109,2516,2529],"quellen":[331],"class_list":["post-8659","post","type-post","status-publish","format-standard","hentry","category-corona-krise","category-ehrenamtliches-engagement","category-land","tag-corona-pandemie","tag-coronavirus","tag-coronavirus-krise","tag-covid-19-krise","tag-hauptausschuss-gross-oberhausener-karneval","tag-karnevalssitzungen","tag-karnevalsvereine","tag-nrw-rettungsschirm","quellen-mdl-stefan-zimkeit"],"_links":{"self":[{"href":"https:\/\/meier-gerdingh.de\/wp-spd-ob\/wp-json\/wp\/v2\/posts\/8659","targetHints":{"allow":["GET"]}}],"collection":[{"href":"https:\/\/meier-gerdingh.de\/wp-spd-ob\/wp-json\/wp\/v2\/posts"}],"about":[{"href":"https:\/\/meier-gerdingh.de\/wp-spd-ob\/wp-json\/wp\/v2\/types\/post"}],"author":[{"embeddable":true,"href":"https:\/\/meier-gerdingh.de\/wp-spd-ob\/wp-json\/wp\/v2\/users\/1"}],"replies":[{"embeddable":true,"href":"https:\/\/meier-gerdingh.de\/wp-spd-ob\/wp-json\/wp\/v2\/comments?post=8659"}],"version-history":[{"count":0,"href":"https:\/\/meier-gerdingh.de\/wp-spd-ob\/wp-json\/wp\/v2\/posts\/8659\/revisions"}],"wp:attachment":[{"href":"https:\/\/meier-gerdingh.de\/wp-spd-ob\/wp-json\/wp\/v2\/media?parent=8659"}],"wp:term":[{"taxonomy":"category","embeddable":true,"href":"https:\/\/meier-gerdingh.de\/wp-spd-ob\/wp-json\/wp\/v2\/categories?post=8659"},{"taxonomy":"post_tag","embeddable":true,"href":"https:\/\/meier-gerdingh.de\/wp-spd-ob\/wp-json\/wp\/v2\/tags?post=8659"},{"taxonomy":"quellen","embeddable":true,"href":"https:\/\/meier-gerdingh.de\/wp-spd-ob\/wp-json\/wp\/v2\/quellen?post=8659"}],"curies":[{"name":"wp","href":"https:\/\/api.w.org\/{rel}","templated":true}]}}