{"id":866,"date":"2011-05-16T16:00:00","date_gmt":"2011-05-16T14:00:00","guid":{"rendered":"http:\/\/www.meier-gerdingh.de\/spd-oberhausen\/wp\/?p=866"},"modified":"2017-05-16T13:33:39","modified_gmt":"2017-05-16T11:33:39","slug":"spd-ortsverein-sterkrade-nord-laedt-zum-gespraech-mit-buergerinnen-und-buergern","status":"publish","type":"post","link":"https:\/\/meier-gerdingh.de\/wp-spd-ob\/2011\/05\/16\/spd-ortsverein-sterkrade-nord-laedt-zum-gespraech-mit-buergerinnen-und-buergern\/","title":{"rendered":"SPD-Ortsverein Sterkrade-Nord l\u00e4dt zum Gespr\u00e4ch mit B\u00fcrgerinnen und B\u00fcrgern"},"content":{"rendered":"<div style=\"width: 150px\" class=\"wp-caption alignleft\"><a href=\"http:\/\/meier-gerdingh.de\/wp-spd-ob\/wp-content\/uploads\/real_ulrich_09.jpg\"><img decoding=\"async\" class=\"size-full\" src=\"http:\/\/meier-gerdingh.de\/wp-spd-ob\/wp-content\/uploads\/real_ulrich_09.jpg\" alt=\"Ulrich Real ist Mitglied des Rates f\u00fcr K\u00f6nigshardt\" width=\"140\" height=\"169\" \/><\/a><p class=\"wp-caption-text\">Ulrich Real ist Mitglied des Rates f\u00fcr K\u00f6nigshardt<\/p><\/div>\n<p>Zu ihrem Infostand auf dem Theodor-Spiering-Platz l\u00e4dt der SPD-Ortsverein Sterkrade-Nord alle interessierten B\u00fcrgerinnen und B\u00fcrger herzlich ein. &#8222;Wir wollen mit allen Interessenten ins Gespr\u00e4ch kommen unter dem Motto &amp;039;Unser Ortsteil &#8211; Ihre Anregung &#8211; Gemeinsame Verwirklichung&amp;039;, erl\u00e4utert der zust\u00e4ndige Stadtverordnete Ulrich Real den Hintergrund der Aktion.<!--more--><\/p>\n<p>Gesammelt werden sollen die kleinen und gro\u00dfen Anliegen der K\u00f6nigshardter, so Real weiter. &#8222;Wir k\u00f6nnen sicherlich nicht alle Anregungen sofort verwirklichen, aber mittelfristig lassen sich sicher viele Punkte auf den Weg bringen.&#8220;<\/p>\n<p>Der Infostand ist aufgebaut am <b>Freitag, den 20. Mai von 16:00 &#8211; 18:00 Uhr<\/b> und am <b>Samstag, den 21. Mai, von 10:00 &#8211; 12:00 Uhr, jeweils auf dem Theodor-Spiering-Platz<\/b> in K\u00f6nigshardt.<\/p>\n","protected":false},"excerpt":{"rendered":"<p>Zu ihrem Infostand auf dem Theodor-Spiering-Platz l\u00e4dt der SPD-Ortsverein Sterkrade-Nord alle interessierten B\u00fcrgerinnen und B\u00fcrger herzlich ein. &#8222;Wir wollen mit allen Interessenten ins Gespr\u00e4ch kommen unter dem Motto &amp;039;Unser Ortsteil&hellip; <\/p>\n","protected":false},"author":1,"featured_media":0,"comment_status":"closed","ping_status":"closed","sticky":false,"template":"","format":"standard","meta":{"footnotes":""},"categories":[1],"tags":[],"quellen":[],"class_list":["post-866","post","type-post","status-publish","format-standard","hentry","category-allgemein"],"_links":{"self":[{"href":"https:\/\/meier-gerdingh.de\/wp-spd-ob\/wp-json\/wp\/v2\/posts\/866","targetHints":{"allow":["GET"]}}],"collection":[{"href":"https:\/\/meier-gerdingh.de\/wp-spd-ob\/wp-json\/wp\/v2\/posts"}],"about":[{"href":"https:\/\/meier-gerdingh.de\/wp-spd-ob\/wp-json\/wp\/v2\/types\/post"}],"author":[{"embeddable":true,"href":"https:\/\/meier-gerdingh.de\/wp-spd-ob\/wp-json\/wp\/v2\/users\/1"}],"replies":[{"embeddable":true,"href":"https:\/\/meier-gerdingh.de\/wp-spd-ob\/wp-json\/wp\/v2\/comments?post=866"}],"version-history":[{"count":0,"href":"https:\/\/meier-gerdingh.de\/wp-spd-ob\/wp-json\/wp\/v2\/posts\/866\/revisions"}],"wp:attachment":[{"href":"https:\/\/meier-gerdingh.de\/wp-spd-ob\/wp-json\/wp\/v2\/media?parent=866"}],"wp:term":[{"taxonomy":"category","embeddable":true,"href":"https:\/\/meier-gerdingh.de\/wp-spd-ob\/wp-json\/wp\/v2\/categories?post=866"},{"taxonomy":"post_tag","embeddable":true,"href":"https:\/\/meier-gerdingh.de\/wp-spd-ob\/wp-json\/wp\/v2\/tags?post=866"},{"taxonomy":"quellen","embeddable":true,"href":"https:\/\/meier-gerdingh.de\/wp-spd-ob\/wp-json\/wp\/v2\/quellen?post=866"}],"curies":[{"name":"wp","href":"https:\/\/api.w.org\/{rel}","templated":true}]}}