{"id":8673,"date":"2022-01-17T19:38:09","date_gmt":"2022-01-17T18:38:09","guid":{"rendered":"https:\/\/meier-gerdingh.de\/wp-spd-ob\/?p=8673"},"modified":"2022-01-17T19:38:09","modified_gmt":"2022-01-17T18:38:09","slug":"diskussion-zum-ganztag-an-den-grundschulen","status":"publish","type":"post","link":"https:\/\/meier-gerdingh.de\/wp-spd-ob\/2022\/01\/17\/diskussion-zum-ganztag-an-den-grundschulen\/","title":{"rendered":"Diskussion zum Ganztag an den Grundschulen"},"content":{"rendered":"<div id=\"attachment_4242\" style=\"width: 150px\" class=\"wp-caption alignleft\"><a href=\"https:\/\/meier-gerdingh.de\/wp-spd-ob\/wp-content\/uploads\/2017\/05\/zimkeit_stefan_17.jpg\"><img aria-describedby=\"caption-attachment-4242\" decoding=\"async\" class=\"size-full wp-image-4242\" src=\"https:\/\/meier-gerdingh.de\/wp-spd-ob\/wp-content\/uploads\/2017\/05\/zimkeit_stefan_17.jpg\" alt=\"\" width=\"140\" height=\"192\" \/><\/a><p id=\"caption-attachment-4242\" class=\"wp-caption-text\">Stefan Zimkeit ist Landtagsabgeordneter f\u00fcr Oberhausen-Sterkrade und Dinslaken sowie haushalts- und finanzpolitischer Sprecher der SPD-Landtagsfraktion<\/p><\/div>\n<p><strong>&#8222;Offener Ganztag in Oberhausen, Dinslaken und NRW&#8220;<\/strong> hei\u00dft ein Fachgespr\u00e4ch, zu dem der SPD-Abgeordnete Stefan Zimkeit am <strong>Donnerstag, 20. Januar, 14 Uhr<\/strong>, einl\u00e4dt. Eine Teilnahme ist <strong>online<\/strong> unter <a href=\"http:\/\/zoom.us\/j\/88324543835\">zoom.us\/j\/88324543835<\/a> m\u00f6glich.<\/p>\n<p>&#8222;Die offenen Ganztagsgrundschulen in NRW sto\u00dfen bei den Familien erfreulicherweise auf eine gro\u00dfe Nachfrage. Sie verbessern die Vereinbarkeit von Familie und Beruf, und sie leisten einen Beitrag zur F\u00f6rderung von Kindern \u00fcber den eigentlichen Unterricht hinaus&#8220;, so Zimkeit. Er m\u00f6chte in dem Gespr\u00e4ch, zu dem er Tr\u00e4gerverb\u00e4nde, Schulen, Eltern und Besch\u00e4ftigte einl\u00e4dt, eigene Verbesserungsvorschl\u00e4ge und Konzepte zur Diskussion stellen sowie die Beteiligten nach ihren Erfahrungen befragen.<!--more--><\/p>\n<p>Wie kann der Ganztag besser mit dem Vormittagsangebot der Schule verkn\u00fcpft werden, wie kann er zu einem guten Unterricht beitragen? Wie kann f\u00fcr gute Arbeitsbedingungen des p\u00e4dagogischen Personals gesorgt werden, wie k\u00f6nnen qualifizierte Kr\u00e4fte gewonnen oder ausgebildet werden? Sind die r\u00e4umlichen Bedingungen und die sachliche Ausstattung geregelt? Wie ist der von der Ampelkoalition vereinbarte Rechtsanspruch auf Ganztagsbildung und -betreuung, bei der ein besonderes Augenmerk auf die Qualit\u00e4t gelegt werden soll, zu realisieren? Das sind die Fragen, die in dem Gespr\u00e4ch besprochen werden sollen.<\/p>\n","protected":false},"excerpt":{"rendered":"<p>&#8222;Offener Ganztag in Oberhausen, Dinslaken und NRW&#8220; hei\u00dft ein Fachgespr\u00e4ch, zu dem der SPD-Abgeordnete Stefan Zimkeit am Donnerstag, 20. Januar, 14 Uhr, einl\u00e4dt. Eine Teilnahme ist online unter zoom.us\/j\/88324543835 m\u00f6glich.&hellip; <\/p>\n","protected":false},"author":1,"featured_media":0,"comment_status":"closed","ping_status":"closed","sticky":false,"template":"","format":"standard","meta":{"footnotes":""},"categories":[231,2],"tags":[526,3117,3118,799,3116,2553,1603],"quellen":[331],"class_list":["post-8673","post","type-post","status-publish","format-standard","hentry","category-bildung","category-schule","tag-ampelkoalition","tag-fachgespraech","tag-ganztag","tag-grundschulen","tag-offene-ganztagsschule","tag-offener-ganztag","tag-ogs","quellen-mdl-stefan-zimkeit"],"_links":{"self":[{"href":"https:\/\/meier-gerdingh.de\/wp-spd-ob\/wp-json\/wp\/v2\/posts\/8673","targetHints":{"allow":["GET"]}}],"collection":[{"href":"https:\/\/meier-gerdingh.de\/wp-spd-ob\/wp-json\/wp\/v2\/posts"}],"about":[{"href":"https:\/\/meier-gerdingh.de\/wp-spd-ob\/wp-json\/wp\/v2\/types\/post"}],"author":[{"embeddable":true,"href":"https:\/\/meier-gerdingh.de\/wp-spd-ob\/wp-json\/wp\/v2\/users\/1"}],"replies":[{"embeddable":true,"href":"https:\/\/meier-gerdingh.de\/wp-spd-ob\/wp-json\/wp\/v2\/comments?post=8673"}],"version-history":[{"count":0,"href":"https:\/\/meier-gerdingh.de\/wp-spd-ob\/wp-json\/wp\/v2\/posts\/8673\/revisions"}],"wp:attachment":[{"href":"https:\/\/meier-gerdingh.de\/wp-spd-ob\/wp-json\/wp\/v2\/media?parent=8673"}],"wp:term":[{"taxonomy":"category","embeddable":true,"href":"https:\/\/meier-gerdingh.de\/wp-spd-ob\/wp-json\/wp\/v2\/categories?post=8673"},{"taxonomy":"post_tag","embeddable":true,"href":"https:\/\/meier-gerdingh.de\/wp-spd-ob\/wp-json\/wp\/v2\/tags?post=8673"},{"taxonomy":"quellen","embeddable":true,"href":"https:\/\/meier-gerdingh.de\/wp-spd-ob\/wp-json\/wp\/v2\/quellen?post=8673"}],"curies":[{"name":"wp","href":"https:\/\/api.w.org\/{rel}","templated":true}]}}