{"id":8674,"date":"2022-01-19T16:58:00","date_gmt":"2022-01-19T15:58:00","guid":{"rendered":"https:\/\/meier-gerdingh.de\/wp-spd-ob\/?p=8674"},"modified":"2022-02-07T16:05:36","modified_gmt":"2022-02-07T15:05:36","slug":"demonstration-in-duesseldorf-gegen-geplante-schliessung","status":"publish","type":"post","link":"https:\/\/meier-gerdingh.de\/wp-spd-ob\/2022\/01\/19\/demonstration-in-duesseldorf-gegen-geplante-schliessung\/","title":{"rendered":"Demonstration in D\u00fcsseldorf gegen geplante Schlie\u00dfung"},"content":{"rendered":"<div id=\"attachment_4925\" style=\"width: 290px\" class=\"wp-caption alignleft\"><a href=\"https:\/\/meier-gerdingh.de\/wp-spd-ob\/wp-content\/uploads\/2018\/01\/bongers_zimkeit_17.jpg\"><img aria-describedby=\"caption-attachment-4925\" decoding=\"async\" class=\"size-full wp-image-4925\" src=\"https:\/\/meier-gerdingh.de\/wp-spd-ob\/wp-content\/uploads\/2018\/01\/bongers_zimkeit_17.jpg\" alt=\"\" width=\"280\" height=\"192\" \/><\/a><p id=\"caption-attachment-4925\" class=\"wp-caption-text\">Die SPD-Landtagsabgeordneten Sonja Bongers und Stefan Zimkeit<\/p><\/div>\n<p>Die Landesregierung zeige leider keine Bereitschaft, ihre Entscheidung zur Schlie\u00dfung des Niederrhein-Kollegs (NRK) zu \u00fcberdenken, bedauern die Oberhausener SPD-Abgeordneten. Dies gehe aus einem Bericht der Landesregierung auf Anfrage der SPD hervor.<\/p>\n<p>&#8222;Viele Studierende des NRK sind verzweifelt und wissen nicht weiter&#8220;, sagte Sonja Bongers am Rande einer Demonstration von Betroffenen vor dem D\u00fcsseldorfer Landtag. &#8222;Die Landesregierung interessiert sich nicht f\u00fcr deren Zukunft. Es ist nicht hinnehmbar, dass durch das Schaffen von Fakten quasi durch die Hintert\u00fcr die Schlie\u00dfung geplant wird&#8220;, so die SPD-Ratsfraktionsvorsitzende und Landtagsabgeordnete.<\/p>\n<p>Auch Stefan Zimkeit kritisiert, dass das Schulministerium stur auf seiner intransparenten Entscheidung beharrt. &#8222;Es w\u00e4re richtig gewesen, auf die Studierenden zuzugehen und den Dialog zu suchen.&#8220; Der Landtag sei vor vollendete Tatsachen gestellt worden, kritisiert Zimkeit, und die zugesagte Diskussion mit der Stadt habe auch nicht stattgefunden.<!--more--><\/p>\n<p>&#8222;Stattdessen hat der Staatssekret\u00e4r dem Oberb\u00fcrgermeister die Schlie\u00dfung mitgeteilt. Das ist das Gegenteil eines Gespr\u00e4chs, in dem M\u00f6glichkeiten zum Erhalt des Kollegstandortes h\u00e4tten er\u00f6rtert werden k\u00f6nnen.&#8220;<\/p>\n<p>Die SPD-Abgeordneten bedauern es sehr, dass im Schulausschuss des Landtags aus Zeitgr\u00fcnden nicht \u00fcber die NRK-Schlie\u00dfung diskutiert wurde. Gleichzeitig k\u00fcndigten sie an, sich im Landesparlament weiter f\u00fcr den Erhalt des Kollegstandortes Oberhausen einzusetzen.<\/p>\n","protected":false},"excerpt":{"rendered":"<p>Die Landesregierung zeige leider keine Bereitschaft, ihre Entscheidung zur Schlie\u00dfung des Niederrhein-Kollegs (NRK) zu \u00fcberdenken, bedauern die Oberhausener SPD-Abgeordneten. Dies gehe aus einem Bericht der Landesregierung auf Anfrage der SPD&hellip; <\/p>\n","protected":false},"author":1,"featured_media":0,"comment_status":"closed","ping_status":"closed","sticky":false,"template":"","format":"standard","meta":{"footnotes":""},"categories":[231,216,2],"tags":[135,2918,2790,1264,3131],"quellen":[1317,331],"class_list":["post-8674","post","type-post","status-publish","format-standard","hentry","category-bildung","category-land","category-schule","tag-kleine-anfrage","tag-niederrhein-kolleg","tag-nrw-schulministerium","tag-weiterbildung","tag-zweiter-bildungsweg","quellen-mdl-sonja-bongers","quellen-mdl-stefan-zimkeit"],"_links":{"self":[{"href":"https:\/\/meier-gerdingh.de\/wp-spd-ob\/wp-json\/wp\/v2\/posts\/8674","targetHints":{"allow":["GET"]}}],"collection":[{"href":"https:\/\/meier-gerdingh.de\/wp-spd-ob\/wp-json\/wp\/v2\/posts"}],"about":[{"href":"https:\/\/meier-gerdingh.de\/wp-spd-ob\/wp-json\/wp\/v2\/types\/post"}],"author":[{"embeddable":true,"href":"https:\/\/meier-gerdingh.de\/wp-spd-ob\/wp-json\/wp\/v2\/users\/1"}],"replies":[{"embeddable":true,"href":"https:\/\/meier-gerdingh.de\/wp-spd-ob\/wp-json\/wp\/v2\/comments?post=8674"}],"version-history":[{"count":0,"href":"https:\/\/meier-gerdingh.de\/wp-spd-ob\/wp-json\/wp\/v2\/posts\/8674\/revisions"}],"wp:attachment":[{"href":"https:\/\/meier-gerdingh.de\/wp-spd-ob\/wp-json\/wp\/v2\/media?parent=8674"}],"wp:term":[{"taxonomy":"category","embeddable":true,"href":"https:\/\/meier-gerdingh.de\/wp-spd-ob\/wp-json\/wp\/v2\/categories?post=8674"},{"taxonomy":"post_tag","embeddable":true,"href":"https:\/\/meier-gerdingh.de\/wp-spd-ob\/wp-json\/wp\/v2\/tags?post=8674"},{"taxonomy":"quellen","embeddable":true,"href":"https:\/\/meier-gerdingh.de\/wp-spd-ob\/wp-json\/wp\/v2\/quellen?post=8674"}],"curies":[{"name":"wp","href":"https:\/\/api.w.org\/{rel}","templated":true}]}}