{"id":8694,"date":"2022-02-07T16:14:39","date_gmt":"2022-02-07T15:14:39","guid":{"rendered":"https:\/\/meier-gerdingh.de\/wp-spd-ob\/?p=8694"},"modified":"2022-02-07T16:15:18","modified_gmt":"2022-02-07T15:15:18","slug":"spd-landtagsfraktion-laedt-zu-digitaler-diskussionsveranstaltung-am-8-februar-2022","status":"publish","type":"post","link":"https:\/\/meier-gerdingh.de\/wp-spd-ob\/2022\/02\/07\/spd-landtagsfraktion-laedt-zu-digitaler-diskussionsveranstaltung-am-8-februar-2022\/","title":{"rendered":"SPD-Landtagsfraktion l\u00e4dt zu digitaler Diskussionsveranstaltung am 8.&nbsp;Februar 2022"},"content":{"rendered":"<div id=\"attachment_8088\" style=\"width: 170px\" class=\"wp-caption alignleft\"><a href=\"https:\/\/meier-gerdingh.de\/wp-spd-ob\/wp-content\/uploads\/2021\/03\/mdl-frederick-cordes-lg.jpg\"><img aria-describedby=\"caption-attachment-8088\" decoding=\"async\" class=\"size-full wp-image-8088\" src=\"https:\/\/meier-gerdingh.de\/wp-spd-ob\/wp-content\/uploads\/2021\/03\/mdl-frederick-cordes.jpg\" alt=\"\" width=\"160\" height=\"200\" \/><\/a><p id=\"caption-attachment-8088\" class=\"wp-caption-text\">Frederick Cordes ist Mitglied des Landtags von Nordrhein-Westfalen<\/p><\/div>\n<p>Die Zahl der Ausbildungspl\u00e4tze steigern, mehr junge Menschen f\u00fcr eine Berufsausbildung begeistern und dem Fachkr\u00e4ftemangel aktiv entgegenwirken. Wie das gelingen kann, diskutiert die SPD-Landtagsfraktion NRW auf ihrer <strong>Ausbildungskonferenz am 8. Februar 2022 ab 18 Uhr<\/strong> mit Vertreter:innen aus Wirtschaft, Wissenschaft und Praxis.<\/p>\n<p>Die Oberhausener Landtagsabgeordneten Sonja Bongers, Stefan Zimkeit und Frederick Cordes laden alle B\u00fcrger:innen ein, sich an der Diskussion zu beteiligen &#8211; denn von diesen Entwicklungen ist auch Oberhausen ganz unmittelbar betroffen.<!--more--><\/p>\n<p>&#8222;Die angespannte Lage auf dem Ausbildungsmarkt und der versch\u00e4rfende Fachkr\u00e4ftemangel in NRW sind zwei Seiten einer Medaille&#8220;, stellt Stefan Zimkeit fest. Deshalb sei es umso wichtiger, dass Politik alle Fachleute an einen Tisch holt: &#8222;Diese Probleme kann Politik nicht per Verordnung l\u00f6sen&#8220;, so Zimkeit weiter.<\/p>\n<p>Sonja Bongers erg\u00e4nzt: &#8222;Beim Schritt von der Schule in die Ausbildung oder das Studium brauchen junge Menschen viel mehr Unterst\u00fctzung. Viele entscheiden sich f\u00fcr ein Studium, weil sie nicht wissen, welche Chancen ihnen eine duale Berufsausbildung bietet.&#8220;<\/p>\n<p>Die guten beruflichen Perspektiven, die sich nach dem erfolgreichen Abschluss bieten, m\u00fcssten viel st\u00e4rker hervorgehoben werden. Dass es gerade in NRW Haupt- und Realsch\u00fcler:innen besonders schwer haben, sich auf dem Ausbildungsmarkt gegen Abiturient:innen durchzusetzen, sieht sie mit gro\u00dfer Sorge.<\/p>\n<p>&#8222;NRW steht in den n\u00e4chsten Jahren vor gro\u00dfen Herausforderungen, die aber auch enorme Chancen bieten. Einen Fachkr\u00e4ftemangel k\u00f6nnen wir uns dabei aber einfach nicht leisten&#8220;, stellt Frederick Cordes fest. Die Transformation hin zur Wiege einer neuen Ruhindustrie kann nur mit gut ausgebildeten Fachkr\u00e4ften gelingen.<\/p>\n<p>Er sieht die Verantwortung auch bei den Unternehmen: &#8222;Wir m\u00fcssen Ausbildung attraktiv machen. Das gelingt nur mit einem gemeinsamen Kraftakt. Mit einer umlagefinanzierten Ausbildungsplatzgarantie wollen wir auch die achtzig Prozent der Unternehmen in die Pflicht nehmen, die aktuell nicht selbst ausbilden.&#8220;<\/p>\n<p>Unter <a href=\"http:\/\/www.machen-wir.de\/ausbildung\">www.machen-wir.de\/ausbildung<\/a> finden Interessierte weitere Informationen zur Ausbildungskonferenz und eine M\u00f6glichkeit zur Anmeldung.<\/p>\n","protected":false},"excerpt":{"rendered":"<p>Die Zahl der Ausbildungspl\u00e4tze steigern, mehr junge Menschen f\u00fcr eine Berufsausbildung begeistern und dem Fachkr\u00e4ftemangel aktiv entgegenwirken. Wie das gelingen kann, diskutiert die SPD-Landtagsfraktion NRW auf ihrer Ausbildungskonferenz am 8.&hellip; <\/p>\n","protected":false},"author":1,"featured_media":0,"comment_status":"closed","ping_status":"closed","sticky":false,"template":"","format":"standard","meta":{"footnotes":""},"categories":[231,216,171],"tags":[760,3132,2947,763,762,3049,961],"quellen":[2806,1317,331],"class_list":["post-8694","post","type-post","status-publish","format-standard","hentry","category-bildung","category-land","category-veranstaltungen","tag-ausbildung","tag-ausbildungskonferenz","tag-ausbildungsmarkt","tag-ausbildungsplaetze","tag-fachkraeftemangel","tag-ruhrindustrie","tag-spd-landtagsfraktion","quellen-mdl-frederick-cordes","quellen-mdl-sonja-bongers","quellen-mdl-stefan-zimkeit"],"_links":{"self":[{"href":"https:\/\/meier-gerdingh.de\/wp-spd-ob\/wp-json\/wp\/v2\/posts\/8694","targetHints":{"allow":["GET"]}}],"collection":[{"href":"https:\/\/meier-gerdingh.de\/wp-spd-ob\/wp-json\/wp\/v2\/posts"}],"about":[{"href":"https:\/\/meier-gerdingh.de\/wp-spd-ob\/wp-json\/wp\/v2\/types\/post"}],"author":[{"embeddable":true,"href":"https:\/\/meier-gerdingh.de\/wp-spd-ob\/wp-json\/wp\/v2\/users\/1"}],"replies":[{"embeddable":true,"href":"https:\/\/meier-gerdingh.de\/wp-spd-ob\/wp-json\/wp\/v2\/comments?post=8694"}],"version-history":[{"count":0,"href":"https:\/\/meier-gerdingh.de\/wp-spd-ob\/wp-json\/wp\/v2\/posts\/8694\/revisions"}],"wp:attachment":[{"href":"https:\/\/meier-gerdingh.de\/wp-spd-ob\/wp-json\/wp\/v2\/media?parent=8694"}],"wp:term":[{"taxonomy":"category","embeddable":true,"href":"https:\/\/meier-gerdingh.de\/wp-spd-ob\/wp-json\/wp\/v2\/categories?post=8694"},{"taxonomy":"post_tag","embeddable":true,"href":"https:\/\/meier-gerdingh.de\/wp-spd-ob\/wp-json\/wp\/v2\/tags?post=8694"},{"taxonomy":"quellen","embeddable":true,"href":"https:\/\/meier-gerdingh.de\/wp-spd-ob\/wp-json\/wp\/v2\/quellen?post=8694"}],"curies":[{"name":"wp","href":"https:\/\/api.w.org\/{rel}","templated":true}]}}