{"id":8707,"date":"2022-02-26T11:54:17","date_gmt":"2022-02-26T10:54:17","guid":{"rendered":"https:\/\/meier-gerdingh.de\/wp-spd-ob\/?p=8707"},"modified":"2023-03-08T15:15:34","modified_gmt":"2023-03-08T14:15:34","slug":"we-stand-with-ukraine-fuer-den-frieden-in-europa","status":"publish","type":"post","link":"https:\/\/meier-gerdingh.de\/wp-spd-ob\/2022\/02\/26\/we-stand-with-ukraine-fuer-den-frieden-in-europa\/","title":{"rendered":"&#8222;We stand with Ukraine&#8220; &#8211; F\u00fcr den Frieden in Europa"},"content":{"rendered":"<p><a href=\"https:\/\/meier-gerdingh.de\/wp-spd-ob\/wp-content\/uploads\/2022\/02\/we-stand-with-ukraine-lg.jpg\"><img decoding=\"async\" class=\"aligncenter size-full wp-image-8703\" src=\"https:\/\/meier-gerdingh.de\/wp-spd-ob\/wp-content\/uploads\/2022\/02\/we-stand-with-ukraine.jpg\" alt=\"\" width=\"720\" height=\"720\" srcset=\"https:\/\/meier-gerdingh.de\/wp-spd-ob\/wp-content\/uploads\/2022\/02\/we-stand-with-ukraine.jpg 720w, https:\/\/meier-gerdingh.de\/wp-spd-ob\/wp-content\/uploads\/2022\/02\/we-stand-with-ukraine-300x300.jpg 300w, https:\/\/meier-gerdingh.de\/wp-spd-ob\/wp-content\/uploads\/2022\/02\/we-stand-with-ukraine-150x150.jpg 150w, https:\/\/meier-gerdingh.de\/wp-spd-ob\/wp-content\/uploads\/2022\/02\/we-stand-with-ukraine-330x330.jpg 330w\" sizes=\"(max-width: 720px) 100vw, 720px\" \/><\/a>Putins v\u00f6lkerrechtswidrige Invasion der Ukraine droht die Landkarte in Europa neu zu zeichnen. Der einseitige Bruch des Minsker Abkommens durch den russischen Pr\u00e4sidenten und Autokraten Putin ist eine Z\u00e4sur in der europ\u00e4ischen Geschichte und er macht alle diplomatischen Errungenschaften der letzten Jahre zunichte. Wladimir Putin rechtfertigt mit Geschichtsklitterung und Falschbehauptungen einen Angriffskrieg, der den Frieden in Europa gef\u00e4hrdet.<\/p>\n<p>Aus diesem Grund haben die Oberhausener Jusos f\u00fcr den kommenden <strong>Rosenmontag, 28. Februar 2022<\/strong>, eine <strong>Demonstration<\/strong> angemeldet, um ein Zeichen f\u00fcr Solidarit\u00e4t mit den Menschen in der Ukraine und f\u00fcr den Frieden in Europa zu setzen. Die Demonstration <strong>beginnt um 18.00 Uhr auf dem Saporoshje-Platz<\/strong> und wird nach einem Demonstrationszug mit einer <strong>Abschlusskundgebung auf dem Friedensplatz<\/strong> enden.<!--more--><\/p>\n<p><a href=\"https:\/\/meier-gerdingh.de\/wp-spd-ob\/wp-content\/uploads\/2022\/02\/we-stand-with-ukraine-demo-route-lg.jpg\"><img decoding=\"async\" class=\"aligncenter size-full wp-image-8704\" src=\"https:\/\/meier-gerdingh.de\/wp-spd-ob\/wp-content\/uploads\/2022\/02\/we-stand-with-ukraine-demo-route.jpg\" alt=\"\" width=\"720\" height=\"611\" srcset=\"https:\/\/meier-gerdingh.de\/wp-spd-ob\/wp-content\/uploads\/2022\/02\/we-stand-with-ukraine-demo-route.jpg 720w, https:\/\/meier-gerdingh.de\/wp-spd-ob\/wp-content\/uploads\/2022\/02\/we-stand-with-ukraine-demo-route-300x255.jpg 300w\" sizes=\"(max-width: 720px) 100vw, 720px\" \/><\/a>Wir m\u00f6chten Sie und euch herzlich einladen und rufen auf, gemeinsam mit uns und allen Unterst\u00fctzerinnen und Unterst\u00fctzern f\u00fcr den Frieden in Europa zu demonstrieren und den Menschen in der Ukraine zu zeigen, dass wir sie nicht vergessen haben.<\/p>\n<p>Auf Facebook haben die Jusos dazu eine Veranstaltung eingerichtet, \u00fcber die alle Neuigkeiten kommuniziert werden:<\/p>\n<p><a href=\"https:\/\/www.facebook.com\/events\/194200146257915\">https:\/\/www.facebook.com\/events\/194200146257915<\/a>.<\/p>\n","protected":false},"excerpt":{"rendered":"<p>Putins v\u00f6lkerrechtswidrige Invasion der Ukraine droht die Landkarte in Europa neu zu zeichnen. Der einseitige Bruch des Minsker Abkommens durch den russischen Pr\u00e4sidenten und Autokraten Putin ist eine Z\u00e4sur in&hellip; <\/p>\n","protected":false},"author":1,"featured_media":0,"comment_status":"closed","ping_status":"closed","sticky":false,"template":"","format":"standard","meta":{"footnotes":""},"categories":[181,171],"tags":[1494,3141,3140],"quellen":[362],"class_list":["post-8707","post","type-post","status-publish","format-standard","hentry","category-europa","category-veranstaltungen","tag-demonstration","tag-ukraine","tag-ukraine-krieg","quellen-jusos-oberhausen"],"_links":{"self":[{"href":"https:\/\/meier-gerdingh.de\/wp-spd-ob\/wp-json\/wp\/v2\/posts\/8707","targetHints":{"allow":["GET"]}}],"collection":[{"href":"https:\/\/meier-gerdingh.de\/wp-spd-ob\/wp-json\/wp\/v2\/posts"}],"about":[{"href":"https:\/\/meier-gerdingh.de\/wp-spd-ob\/wp-json\/wp\/v2\/types\/post"}],"author":[{"embeddable":true,"href":"https:\/\/meier-gerdingh.de\/wp-spd-ob\/wp-json\/wp\/v2\/users\/1"}],"replies":[{"embeddable":true,"href":"https:\/\/meier-gerdingh.de\/wp-spd-ob\/wp-json\/wp\/v2\/comments?post=8707"}],"version-history":[{"count":0,"href":"https:\/\/meier-gerdingh.de\/wp-spd-ob\/wp-json\/wp\/v2\/posts\/8707\/revisions"}],"wp:attachment":[{"href":"https:\/\/meier-gerdingh.de\/wp-spd-ob\/wp-json\/wp\/v2\/media?parent=8707"}],"wp:term":[{"taxonomy":"category","embeddable":true,"href":"https:\/\/meier-gerdingh.de\/wp-spd-ob\/wp-json\/wp\/v2\/categories?post=8707"},{"taxonomy":"post_tag","embeddable":true,"href":"https:\/\/meier-gerdingh.de\/wp-spd-ob\/wp-json\/wp\/v2\/tags?post=8707"},{"taxonomy":"quellen","embeddable":true,"href":"https:\/\/meier-gerdingh.de\/wp-spd-ob\/wp-json\/wp\/v2\/quellen?post=8707"}],"curies":[{"name":"wp","href":"https:\/\/api.w.org\/{rel}","templated":true}]}}