{"id":871,"date":"2011-05-20T16:00:00","date_gmt":"2011-05-20T14:00:00","guid":{"rendered":"http:\/\/www.meier-gerdingh.de\/spd-oberhausen\/wp\/?p=871"},"modified":"2017-05-16T13:33:07","modified_gmt":"2017-05-16T11:33:07","slug":"bundesregierung-bleibt-gesamtkonzept-schuldig","status":"publish","type":"post","link":"https:\/\/meier-gerdingh.de\/wp-spd-ob\/2011\/05\/20\/bundesregierung-bleibt-gesamtkonzept-schuldig\/","title":{"rendered":"Bundesregierung bleibt Gesamtkonzept schuldig"},"content":{"rendered":"<div style=\"width: 190px\" class=\"wp-caption alignleft\"><a href=\"http:\/\/meier-gerdingh.de\/wp-spd-ob\/wp-content\/uploads\/veranstaltung_groschek_thw.jpg\"><img decoding=\"async\" class=\"size-full\" src=\"http:\/\/meier-gerdingh.de\/wp-spd-ob\/wp-content\/uploads\/veranstaltung_groschek_thw.jpg\" alt=\"Gut besucht war die Veranstaltung von Mike Groschek und S\u00f6nke Rix zur Abschaffung von Wehr- und Zivildienst\" width=\"180\" height=\"121\" \/><\/a><p class=\"wp-caption-text\">Gut besucht war die Veranstaltung von Mike Groschek und S\u00f6nke Rix zur Abschaffung von Wehr- und Zivildienst<\/p><\/div>\n<p>Die Bundestagsabgeordneten Michael Groschek aus Oberhausen \/ Dinslaken und S\u00f6nke Rix, der stellvertretende familienpolitische Sprecher der SPD-Bundestagsfraktion, luden am vergangenen Donnerstag alle interessierten B\u00fcrgerinnen und B\u00fcrger ein, sich \u00fcber &#8222;die neue Freiwilligkeit&#8220; zu informieren und zu diskutieren. Es kamen etwa 70 interessierte Oberhausener und Dinslakener, die mit Vertretern des THW, der LVR-F\u00f6rderschulen, der AWO und der Lebenshilfe \u00fcber die schwierige Lage der Institutionen sprachen.<!--more--><\/p>\n<p>Die Bundestagsabgeordneten Groschek und Rix stellten zu Beginn der Veranstaltung fest, dass ein Gesamtkonzept der Bundesregierung f\u00fcr die Zeit nach dem Zivil- und Wehrdienst fehlt. &#8222;Beim Aussetzen der Wehrpflicht wurde von den F\u00fc\u00dfen zum Kopf entschieden&#8220;, so Rix. Au\u00dferdem wies Groschek darauf hin, dass das THW sowie die Freiwillige Feuerwehr bei den Reformen vollkommen unber\u00fccksichtigt blieben. Hier konnten jungen M\u00e4nner einen Ersatzdienst im Katastrophenschutz statt Wehr- oder Zivildienst leisten. Dieser wurde zuletzt von sechs auf vier Jahre gek\u00fcrzt und wird in Zukunft ganz wegfallen.<\/p>\n<p>Klaus K\u00f6sling vom THW in Oberhausen berichtete hierzu, dass ihm alleine durch diese K\u00fcrzung 10 Leute verloren gegangen seien. F\u00fcr die Zukunft sei es ungewiss, ob das THW noch imstande sein wird, Aufgaben des Katastrophenschutzes, aber auch der Veranstaltungsbegleitung, leisten zu k\u00f6nnen. Ohne eine deutliche Unterst\u00fctzung des Katastrophenschutzes, k\u00f6nnten in Zukunft Veranstaltungen wie Karnevalsz\u00fcge kaum noch durchgef\u00fchrt werden. Zudem bleibt zu hoffen, dass die Bundesrepublik von Katastrophen, wie zuletzt in Japan oder eine erneute Hochwasserkatastrophe, vorschont wird. Denn Deutschland h\u00e4tte wohlm\u00f6glich heute schon Probleme, diese zu bew\u00e4ltigen. &#8222;Wir k\u00f6nnen nur hoffen, dass nichts passiert&#8220;, so K\u00f6sling.<\/p>\n<p>Doch nicht nur solche Institutionen, f\u00fcr die die Bundesregierung gar kein Konzept erarbeitet hat, stehen vor den Abgr\u00fcnden ihrer Existenz. Auch Einrichtungen wie die LVR F\u00f6rderschulen, die AWO oder die Lebenshilfe, blicken durch die Einf\u00fchrung des Bundesfreiwilligendienstes keineswegs positiv in die Zukunft.<\/p>\n<p>Christane Holstein vom AWO-Seniorenzentrum &#8222;Kurt-Schumacher-Haus&#8220; in Dinslaken hat bisher nur eine einzige Bewerbung f\u00fcr den ab 01. Juli 2011 beginnenden Dienst. Sie sieht wichtige Dinge f\u00fcr die alten Menschen in ihrer Einrichtung, wie den einfachen Gang vor die T\u00fcr, ohne Zivildienstleistende als kaum noch realisierbar.<\/p>\n<p>Sven Ricken, Schulleiter LVR-F\u00f6rderschule Oberhausen, f\u00fcrchtet sogar den Zusammenbruch des F\u00f6rderschulsystems ohne die Unterst\u00fctzung der Zivis. F\u00fcr das kommende Schuljahr bef\u00fcrchtet er, dass es zu Unterrichtsk\u00fcrzungen kommen wird, da die Betreuung der 120 zum Teil schwerstbehinderten Kinder kaum noch geleistet werden kann. Der LVR setzt zurzeit auf eigene Werbung und hofft auf bessere und umfassendere Unterst\u00fctzung der Bundesregierung.<\/p>\n<p>Auch Rainer<\/p>\n","protected":false},"excerpt":{"rendered":"<p>Die Bundestagsabgeordneten Michael Groschek aus Oberhausen \/ Dinslaken und S\u00f6nke Rix, der stellvertretende familienpolitische Sprecher der SPD-Bundestagsfraktion, luden am vergangenen Donnerstag alle interessierten B\u00fcrgerinnen und B\u00fcrger ein, sich \u00fcber &#8222;die&hellip; <\/p>\n","protected":false},"author":1,"featured_media":0,"comment_status":"closed","ping_status":"closed","sticky":false,"template":"","format":"standard","meta":{"footnotes":""},"categories":[1],"tags":[],"quellen":[],"class_list":["post-871","post","type-post","status-publish","format-standard","hentry","category-allgemein"],"_links":{"self":[{"href":"https:\/\/meier-gerdingh.de\/wp-spd-ob\/wp-json\/wp\/v2\/posts\/871","targetHints":{"allow":["GET"]}}],"collection":[{"href":"https:\/\/meier-gerdingh.de\/wp-spd-ob\/wp-json\/wp\/v2\/posts"}],"about":[{"href":"https:\/\/meier-gerdingh.de\/wp-spd-ob\/wp-json\/wp\/v2\/types\/post"}],"author":[{"embeddable":true,"href":"https:\/\/meier-gerdingh.de\/wp-spd-ob\/wp-json\/wp\/v2\/users\/1"}],"replies":[{"embeddable":true,"href":"https:\/\/meier-gerdingh.de\/wp-spd-ob\/wp-json\/wp\/v2\/comments?post=871"}],"version-history":[{"count":0,"href":"https:\/\/meier-gerdingh.de\/wp-spd-ob\/wp-json\/wp\/v2\/posts\/871\/revisions"}],"wp:attachment":[{"href":"https:\/\/meier-gerdingh.de\/wp-spd-ob\/wp-json\/wp\/v2\/media?parent=871"}],"wp:term":[{"taxonomy":"category","embeddable":true,"href":"https:\/\/meier-gerdingh.de\/wp-spd-ob\/wp-json\/wp\/v2\/categories?post=871"},{"taxonomy":"post_tag","embeddable":true,"href":"https:\/\/meier-gerdingh.de\/wp-spd-ob\/wp-json\/wp\/v2\/tags?post=871"},{"taxonomy":"quellen","embeddable":true,"href":"https:\/\/meier-gerdingh.de\/wp-spd-ob\/wp-json\/wp\/v2\/quellen?post=871"}],"curies":[{"name":"wp","href":"https:\/\/api.w.org\/{rel}","templated":true}]}}