{"id":8711,"date":"2022-03-01T15:57:33","date_gmt":"2022-03-01T14:57:33","guid":{"rendered":"https:\/\/meier-gerdingh.de\/wp-spd-ob\/?p=8711"},"modified":"2022-03-02T16:00:31","modified_gmt":"2022-03-02T15:00:31","slug":"solidaritaet-mit-der-ukraine-auch-nrw-muss-auf-putins-angriffskrieg-reagieren","status":"publish","type":"post","link":"https:\/\/meier-gerdingh.de\/wp-spd-ob\/2022\/03\/01\/solidaritaet-mit-der-ukraine-auch-nrw-muss-auf-putins-angriffskrieg-reagieren\/","title":{"rendered":"&#8222;Solidarit\u00e4t mit der Ukraine&#8220; \u2013 auch NRW muss auf Putins Angriffskrieg reagieren"},"content":{"rendered":"<p>Die Generalkonsulin der Ukraine, Iryna Shum, berichtete in einer Sondersitzung der SPD-Landtagsfraktion \u00fcber die schreckliche Situation in der Ukraine durch den von Putin und seinen Unterst\u00fctzern zu verantwortenden Angriffskrieg. Die Oberhausener Abgeordneten zeigten sich von den Worten der Konsulin sehr bewegt und forderten das sofortige Ende des Krieges und den Abzug der russischen Truppen.<\/p>\n<p>&#8222;Auch wir in Nordrhein-Westfalen m\u00fcssen schnell und entschlossen reagieren&#8220;, fordert Sonja Bongers, auch auf Landesebene umgehend Ma\u00dfnahmen zu ergreifen. &#8222;Es muss dabei um konkrete Hilfen f\u00fcr die Menschen in der Ukraine, um schnelle Vorbereitungen f\u00fcr die Aufnahme von gefl\u00fcchteten Menschen und um die Bew\u00e4ltigung der Folgen des Krieges und der Sanktionen gehen&#8220;, erkl\u00e4rt der Sterkrader Abgeordnete Stefan Zimkeit.<\/p>\n<p>Frederick Cordes verwies darauf, dass nach dem Bericht der Generalkonsulin hunderttausende Menschen auf der Flucht sind, insbesondere Frauen, Kinder und \u00e4ltere Menschen. &#8222;Das Land muss die St\u00e4dte bei der Aufnahme der Gefl\u00fcchteten organisatorisch und finanziell unterst\u00fctzen&#8220;, so Cordes.<!--more--><\/p>\n<p>Dar\u00fcber hinaus fordern die SPD-Abgeordneten, NRW auf die sozialen und wirtschaftlichen Folgen des Krieges und der Sanktionen vorzubereiten. Es gehe um die Sicherung der Energieversorgung und den Erhalt von Arbeitspl\u00e4tzen in betroffenen Branchen, so Zimkeit.<\/p>\n<p>&#8222;Zudem braucht es zus\u00e4tzliche Hilfen f\u00fcr die Menschen, die besonders von den weiteren Steigerungen der Energiepreise betroffen seien werden&#8220;, so Sonja Bongers.<\/p>\n<p>Beeindruckt zeigen sich die Abgeordneten auch von den Antikriegsprotesten in Russland und fordern, die demokratischen Antikriegsproteste zu unterst\u00fctzen.<\/p>\n","protected":false},"excerpt":{"rendered":"<p>Die Generalkonsulin der Ukraine, Iryna Shum, berichtete in einer Sondersitzung der SPD-Landtagsfraktion \u00fcber die schreckliche Situation in der Ukraine durch den von Putin und seinen Unterst\u00fctzern zu verantwortenden Angriffskrieg. Die&hellip; <\/p>\n","protected":false},"author":1,"featured_media":0,"comment_status":"closed","ping_status":"closed","sticky":false,"template":"","format":"standard","meta":{"footnotes":""},"categories":[181,2709],"tags":[3144,3143,3141,3142,3140],"quellen":[2806,1317,331],"class_list":["post-8711","post","type-post","status-publish","format-standard","hentry","category-europa","category-fluechtlinge","tag-antikriegsprotest","tag-putin","tag-ukraine","tag-ukraine-fluechtlinge","tag-ukraine-krieg","quellen-mdl-frederick-cordes","quellen-mdl-sonja-bongers","quellen-mdl-stefan-zimkeit"],"_links":{"self":[{"href":"https:\/\/meier-gerdingh.de\/wp-spd-ob\/wp-json\/wp\/v2\/posts\/8711","targetHints":{"allow":["GET"]}}],"collection":[{"href":"https:\/\/meier-gerdingh.de\/wp-spd-ob\/wp-json\/wp\/v2\/posts"}],"about":[{"href":"https:\/\/meier-gerdingh.de\/wp-spd-ob\/wp-json\/wp\/v2\/types\/post"}],"author":[{"embeddable":true,"href":"https:\/\/meier-gerdingh.de\/wp-spd-ob\/wp-json\/wp\/v2\/users\/1"}],"replies":[{"embeddable":true,"href":"https:\/\/meier-gerdingh.de\/wp-spd-ob\/wp-json\/wp\/v2\/comments?post=8711"}],"version-history":[{"count":0,"href":"https:\/\/meier-gerdingh.de\/wp-spd-ob\/wp-json\/wp\/v2\/posts\/8711\/revisions"}],"wp:attachment":[{"href":"https:\/\/meier-gerdingh.de\/wp-spd-ob\/wp-json\/wp\/v2\/media?parent=8711"}],"wp:term":[{"taxonomy":"category","embeddable":true,"href":"https:\/\/meier-gerdingh.de\/wp-spd-ob\/wp-json\/wp\/v2\/categories?post=8711"},{"taxonomy":"post_tag","embeddable":true,"href":"https:\/\/meier-gerdingh.de\/wp-spd-ob\/wp-json\/wp\/v2\/tags?post=8711"},{"taxonomy":"quellen","embeddable":true,"href":"https:\/\/meier-gerdingh.de\/wp-spd-ob\/wp-json\/wp\/v2\/quellen?post=8711"}],"curies":[{"name":"wp","href":"https:\/\/api.w.org\/{rel}","templated":true}]}}