{"id":8726,"date":"2022-03-15T17:33:35","date_gmt":"2022-03-15T16:33:35","guid":{"rendered":"https:\/\/meier-gerdingh.de\/wp-spd-ob\/?p=8726"},"modified":"2022-03-16T17:36:52","modified_gmt":"2022-03-16T16:36:52","slug":"anliegergebuehren-bei-strassensanierungen","status":"publish","type":"post","link":"https:\/\/meier-gerdingh.de\/wp-spd-ob\/2022\/03\/15\/anliegergebuehren-bei-strassensanierungen\/","title":{"rendered":"Anliegergeb\u00fchren bei Stra\u00dfensanierungen"},"content":{"rendered":"<div id=\"attachment_4242\" style=\"width: 150px\" class=\"wp-caption alignleft\"><a href=\"https:\/\/meier-gerdingh.de\/wp-spd-ob\/wp-content\/uploads\/2017\/05\/zimkeit_stefan_17.jpg\"><img aria-describedby=\"caption-attachment-4242\" decoding=\"async\" class=\"size-full wp-image-4242\" src=\"https:\/\/meier-gerdingh.de\/wp-spd-ob\/wp-content\/uploads\/2017\/05\/zimkeit_stefan_17.jpg\" alt=\"\" width=\"140\" height=\"192\" \/><\/a><p id=\"caption-attachment-4242\" class=\"wp-caption-text\">Stefan Zimkeit ist Landtagsabgeordneter f\u00fcr Oberhausen-Sterkrade und Dinslaken sowie haushalts- und finanzpolitischer Sprecher der SPD-Landtagsfraktion<\/p><\/div>\n<p>Stefan Zimkeit bezeichnet die angebliche Abschaffung der Stra\u00dfenausbaubeitr\u00e4ge als &#8222;Wahlkampfman\u00f6ver&#8220; von CDU und FDP.<\/p>\n<p>&#8222;Statt die Anliegergeb\u00fchren per Gesetz endg\u00fcltig abzuschaffen, verdoppelt Schwarz-Gelb lediglich das entsprechende F\u00f6rderprogramm. Damit k\u00f6nnten die zu zahlenden Geb\u00fchren zwar p\u00fcnktlich zum Wahlkampfjahr auf Null gesenkt werden. Gleichzeitig halten sich CDU und FDP die Option offen, das F\u00f6rderprogramm im Zuge der n\u00e4chsten Haushaltsberatungen wieder abzuschaffen&#8220;, stellt der SPD-Finanzexperte fest.<!--more--><\/p>\n<p>Er k\u00fcndigt an, dass die SPD die gesetzliche Abschaffung der Stra\u00dfenbaugeb\u00fchren im Landtag in der n\u00e4chsten Woche erneut zur Abstimmung stellen wird.<\/p>\n<p>&#8222;Schon 2019 gab es eine von fast 500.000 Menschen unterzeichnete Volksinitiative mit demselben Ziel, die damals jedoch von der regierenden CDU-FDP-Koalition zur\u00fcckgewiesen wurde&#8220;, erinnert sich Stefan Zimkeit.<\/p>\n<p>&#8222;Das F\u00f6rderprogramm der Landesregierung zur Abmilderung der ungerechten Stra\u00dfenbaubeitr\u00e4ge ist ein B\u00fcrokratiemonster. Die damit verbundenen hohen Verwaltungskosten haben in erster Linie die St\u00e4dte zu tragen&#8220;, kritisiert Zimkeit. &#8222;Deswegen verstehe ich nicht, warum die Anliegergeb\u00fchren nicht ersatzlos abgeschafft werden.&#8220; Stefan Zimkeit bef\u00fcrchtet, dass sich Schwarz-Gelb noch eine &#8222;Hintert\u00fcr&#8220; offen halte m\u00f6chte.<\/p>\n","protected":false},"excerpt":{"rendered":"<p>Stefan Zimkeit bezeichnet die angebliche Abschaffung der Stra\u00dfenausbaubeitr\u00e4ge als &#8222;Wahlkampfman\u00f6ver&#8220; von CDU und FDP. &#8222;Statt die Anliegergeb\u00fchren per Gesetz endg\u00fcltig abzuschaffen, verdoppelt Schwarz-Gelb lediglich das entsprechende F\u00f6rderprogramm. Damit k\u00f6nnten die&hellip; <\/p>\n","protected":false},"author":1,"featured_media":0,"comment_status":"closed","ping_status":"closed","sticky":false,"template":"","format":"standard","meta":{"footnotes":""},"categories":[98,216,27],"tags":[2031,2895,3082,2277,1717,1712,1136],"quellen":[331],"class_list":["post-8726","post","type-post","status-publish","format-standard","hentry","category-finanzen","category-land","category-planen-bauen-wohnen-verkehr","tag-anliegerbeitraege","tag-bundesverfassungsgericht","tag-erschliessungsbeitraege","tag-foerderprogramm-strassenbaubeitraege","tag-strassenausbaubeitraege","tag-strassenbaubeitraege","tag-strassensanierung","quellen-mdl-stefan-zimkeit"],"_links":{"self":[{"href":"https:\/\/meier-gerdingh.de\/wp-spd-ob\/wp-json\/wp\/v2\/posts\/8726","targetHints":{"allow":["GET"]}}],"collection":[{"href":"https:\/\/meier-gerdingh.de\/wp-spd-ob\/wp-json\/wp\/v2\/posts"}],"about":[{"href":"https:\/\/meier-gerdingh.de\/wp-spd-ob\/wp-json\/wp\/v2\/types\/post"}],"author":[{"embeddable":true,"href":"https:\/\/meier-gerdingh.de\/wp-spd-ob\/wp-json\/wp\/v2\/users\/1"}],"replies":[{"embeddable":true,"href":"https:\/\/meier-gerdingh.de\/wp-spd-ob\/wp-json\/wp\/v2\/comments?post=8726"}],"version-history":[{"count":0,"href":"https:\/\/meier-gerdingh.de\/wp-spd-ob\/wp-json\/wp\/v2\/posts\/8726\/revisions"}],"wp:attachment":[{"href":"https:\/\/meier-gerdingh.de\/wp-spd-ob\/wp-json\/wp\/v2\/media?parent=8726"}],"wp:term":[{"taxonomy":"category","embeddable":true,"href":"https:\/\/meier-gerdingh.de\/wp-spd-ob\/wp-json\/wp\/v2\/categories?post=8726"},{"taxonomy":"post_tag","embeddable":true,"href":"https:\/\/meier-gerdingh.de\/wp-spd-ob\/wp-json\/wp\/v2\/tags?post=8726"},{"taxonomy":"quellen","embeddable":true,"href":"https:\/\/meier-gerdingh.de\/wp-spd-ob\/wp-json\/wp\/v2\/quellen?post=8726"}],"curies":[{"name":"wp","href":"https:\/\/api.w.org\/{rel}","templated":true}]}}