{"id":8730,"date":"2021-11-26T18:47:51","date_gmt":"2021-11-26T17:47:51","guid":{"rendered":"https:\/\/meier-gerdingh.de\/wp-spd-ob\/?p=8730"},"modified":"2022-03-19T18:49:36","modified_gmt":"2022-03-19T17:49:36","slug":"neuordnung-der-stadteigenen-immobilien-eroeffnet-neue-moeglichkeiten","status":"publish","type":"post","link":"https:\/\/meier-gerdingh.de\/wp-spd-ob\/2021\/11\/26\/neuordnung-der-stadteigenen-immobilien-eroeffnet-neue-moeglichkeiten\/","title":{"rendered":"Neuordnung der stadteigenen Immobilien er\u00f6ffnet neue M\u00f6glichkeiten"},"content":{"rendered":"<p>Der j\u00fcngste Brand im so genannten &#8222;Horror-Hotel&#8220; am Osterfelder Volksgarten ist zwar schon einige Wochen her, der \u00c4rger \u00fcber die Zust\u00e4nde dort ist aber noch l\u00e4ngst nicht verraucht. &#8222;Es ist einfach nur unbefriedigend, wenn man als Politikerin um die Probleme wei\u00df, von den Menschen im Stadtteil immer wieder darauf angesprochen wird, aber man das Problem nicht nachhaltig l\u00f6sen kann&#8220;, fasst Helga Grothe, Sprecherin der SPD-Fraktion in der Osterfelder Bezirksvertretung, die Situation zusammen. <\/p>\n<p>Das ehemalige Hotel am Volksgarten mag derzeit die bekannteste Immobilie in Oberhausen sein, die unter dem offenkundigen Desinteresse des Besitzers leidet und das Umfeld in Mitleidenschaft zieht, doch es ist beileibe nicht die einzige.<!--more--><\/p>\n<h3 class=\"spd-ob-crossheading\">Appelle fruchten nicht<\/h3>\n<p>&#8222;So genannte Schrottimmobilien, deren Besitzer aus dem Eigentum offenbar keinerlei Verpflichtungen f\u00fcr sich ableiten, sind ein zunehmendes Problem&#8220;, stellt Christiane Gerster-Schmidt, Sprecherin der SPD-Fraktion in Alt-Oberhausen, fest. &#8222;Gut gemeinte Appelle an die Immobilienbesitzer fruchten offenkundig nicht.&#8220;<\/p>\n<p>Das Dilemma um Schrottimmobilien in Oberhausen hat noch nicht die Dimensionen erreicht, mit denen einige andere Ruhrgebietsst\u00e4dte zu k\u00e4mpfen haben. Die Politik ist f\u00fcr das Problem indes sensibilisiert: So hat sich die &#8222;Arbeitsgruppe Problemimmobilien&#8220; auf Antrag der SPD seit knapp zwei Jahren auch mit der M\u00f6glichkeit auseinanderzusetzen, Immobilien f\u00fcr eine weitere Entwicklung zu kaufen. <\/p>\n<p>&#8222;Hier k\u00f6nnte z.B. eine Stadtentwicklungsgesellschaft gepr\u00fcft werden&#8220;, hie\u00df es in dem Antrag. &#8222;Und hier sind wir einen ganz entscheidenden Schritt nach vorne gekommen&#8220;, erkl\u00e4rt der planungspolitische Sprecher der SPD-Fraktion und Sterkrader Bezirksb\u00fcrgermeister Ulrich Real: Mit breiter Zustimmung f\u00fcr einen \u00c4nderungsantrag der SPD in Sachen Neuordnung von Immobilien im Konzern Stadt Oberhausen hat der Rat in seiner letzten Sitzung den Weg frei gemacht f\u00fcr eine eigene Stadtentwicklungsgesellschaft.<\/p>\n<p>Dieser soll es laut Ratsbeschluss m\u00f6glich sein, &#8222;aktiv Immobilien \/ Schrottimmobilien bzw. Grundst\u00fccke in der Stadt zu kaufen, weiterzuentwickeln, ggf wieder zu verkaufen, um die Entwicklung in den Statteilen aktiv steuern zu k\u00f6nnen&#8220;.<\/p>\n<p>&#8222;Wir geben der Stadt damit die Gelegenheit, das Heft des Handelns in die eigenen H\u00e4nde zu nehmen&#8220;, erkl\u00e4rt Real.<\/p>\n","protected":false},"excerpt":{"rendered":"<p>Der j\u00fcngste Brand im so genannten &#8222;Horror-Hotel&#8220; am Osterfelder Volksgarten ist zwar schon einige Wochen her, der \u00c4rger \u00fcber die Zust\u00e4nde dort ist aber noch l\u00e4ngst nicht verraucht. &#8222;Es ist&hellip; <\/p>\n","protected":false},"author":1,"featured_media":0,"comment_status":"closed","ping_status":"closed","sticky":false,"template":"","format":"standard","meta":{"footnotes":""},"categories":[27,167],"tags":[65,3156,3154,41,2057,3155,3157,1916],"quellen":[326],"class_list":["post-8730","post","type-post","status-publish","format-standard","hentry","category-planen-bauen-wohnen-verkehr","category-stadtteile","tag-alt-oberhausen","tag-arbeitsgruppe-problemimmobilien","tag-hotel-am-volksgarten","tag-osterfeld","tag-problemimmobilien","tag-schrottimmobilien","tag-stadtentwicklungsgesellschaft","tag-volksgarten-osterfeld","quellen-spd-fraktion-oberhausen"],"_links":{"self":[{"href":"https:\/\/meier-gerdingh.de\/wp-spd-ob\/wp-json\/wp\/v2\/posts\/8730","targetHints":{"allow":["GET"]}}],"collection":[{"href":"https:\/\/meier-gerdingh.de\/wp-spd-ob\/wp-json\/wp\/v2\/posts"}],"about":[{"href":"https:\/\/meier-gerdingh.de\/wp-spd-ob\/wp-json\/wp\/v2\/types\/post"}],"author":[{"embeddable":true,"href":"https:\/\/meier-gerdingh.de\/wp-spd-ob\/wp-json\/wp\/v2\/users\/1"}],"replies":[{"embeddable":true,"href":"https:\/\/meier-gerdingh.de\/wp-spd-ob\/wp-json\/wp\/v2\/comments?post=8730"}],"version-history":[{"count":0,"href":"https:\/\/meier-gerdingh.de\/wp-spd-ob\/wp-json\/wp\/v2\/posts\/8730\/revisions"}],"wp:attachment":[{"href":"https:\/\/meier-gerdingh.de\/wp-spd-ob\/wp-json\/wp\/v2\/media?parent=8730"}],"wp:term":[{"taxonomy":"category","embeddable":true,"href":"https:\/\/meier-gerdingh.de\/wp-spd-ob\/wp-json\/wp\/v2\/categories?post=8730"},{"taxonomy":"post_tag","embeddable":true,"href":"https:\/\/meier-gerdingh.de\/wp-spd-ob\/wp-json\/wp\/v2\/tags?post=8730"},{"taxonomy":"quellen","embeddable":true,"href":"https:\/\/meier-gerdingh.de\/wp-spd-ob\/wp-json\/wp\/v2\/quellen?post=8730"}],"curies":[{"name":"wp","href":"https:\/\/api.w.org\/{rel}","templated":true}]}}