{"id":874,"date":"2011-06-01T16:00:00","date_gmt":"2011-06-01T14:00:00","guid":{"rendered":"http:\/\/www.meier-gerdingh.de\/spd-oberhausen\/wp\/?p=874"},"modified":"2017-05-16T13:32:31","modified_gmt":"2017-05-16T11:32:31","slug":"mehrgenerationenhaus-alte-heid-muss-eine-zukunft-haben","status":"publish","type":"post","link":"https:\/\/meier-gerdingh.de\/wp-spd-ob\/2011\/06\/01\/mehrgenerationenhaus-alte-heid-muss-eine-zukunft-haben\/","title":{"rendered":"Mehrgenerationenhaus &#8222;Alte Heid&#8220; muss eine Zukunft haben"},"content":{"rendered":"<div style=\"width: 210px\" class=\"wp-caption alignleft\"><a href=\"http:\/\/meier-gerdingh.de\/wp-spd-ob\/wp-content\/uploads\/alte_heid.jpg\"><img decoding=\"async\" class=\"size-full\" src=\"http:\/\/meier-gerdingh.de\/wp-spd-ob\/wp-content\/uploads\/alte_heid.jpg\" alt=\"Das Mehrgenerationenhaus an der Alten Heid\" width=\"200\" height=\"134\" \/><\/a><p class=\"wp-caption-text\">Das Mehrgenerationenhaus an der Alten Heid<\/p><\/div>\n<p><i>Zum &#8222;Tag der Mehrgenerationenh\u00e4user&#8220; erkl\u00e4rt der Bundestagsabgeordnete Michael Groschek:<\/i><\/p>\n<p>&#8222;Hier in Oberhausen leistet das Mehrgenerationenhaus &amp;039;Alte Heid&amp;039; wertvolle Arbeit und bietet passgenaue Angebote wie Familienbildung, Kinderbetreuung und Seniorenarbeit f\u00fcr verschiedene Generationen im Knappenviertel.&#8220; Der Bundestagsabgeordnete Michael Groschek kritisiert, dass die Zukunft der Mehrgenerationenh\u00e4user teilweise ungewiss ist:<!--more--><\/p>\n<p>Die Bundesregierung hat sich nicht ausreichend f\u00fcr den Fortbestand der bereits bestehenden H\u00e4user eingesetzt. Das Bundesprogramm wird neu ausgeschrieben, die Tr\u00e4ger von H\u00e4usern m\u00fcssen sich neu bewerben. Hinzu kommt, dass der j\u00e4hrliche Bundeszuschuss pro Mehrgenerationenhaus von 40.000 auf 30.000 Euro ab 2012 sinkt. Insbesondere in strukturschwachen Regionen und im l\u00e4ndlichen Raum droht die Gefahr von Projektruinen. Besonders kritisch sehe ich, dass die Bundesregierung keine \u00dcbergangsl\u00f6sung f\u00fcr diejenigen H\u00e4user, deren Bundesf\u00f6rderung bereits vor Ablauf des Jahres 2011 ausl\u00e4uft, geschaffen hat.<\/p>\n<p>Michael Groschek bedauert weiter, dass in Zukunft bundesweit nur noch 450 statt 500 H\u00e4user gef\u00f6rdert werden sollen. &#8222;Das bestehende Bundesprogramm wird zusammengestrichen. Eine nachhaltige Generationenpolitik sieht anders aus.&#8220;<\/p>\n<p>Das Aktionsprogramm &#8222;Mehrgenerationenh\u00e4user&#8220;, dessen f\u00fcnfj\u00e4hrige Laufzeit 2011 zu Ende geht, ist eine Erfolgsgeschichte. Die 500 Begegnungsst\u00e4tten f\u00fcr alle Generationen wurden 2006 ins Leben gerufen. Sie haben sich in St\u00e4dten und Gemeinden als Anlaufstelle bew\u00e4hrt. Doch ab Herbst 2011 l\u00e4uft schrittweise die Bundesf\u00f6rderung f\u00fcr alle H\u00e4user aus, ein neues Programm folgt ab 1. Januar 2012.<\/p>\n<p>Einen Starttermin f\u00fcr die Ausschreibung des neuen Programms hat die zust\u00e4ndige Bundesfamilienministerin Schr\u00f6der (CDU) noch nicht bekannt gegeben. Ebenso warten die Tr\u00e4ger der Mehrgenerationenh\u00e4user seit Monaten auf konkrete Hilfe des Bundes f\u00fcr finanzschwache Kommunen.<\/p>\n","protected":false},"excerpt":{"rendered":"<p>Zum &#8222;Tag der Mehrgenerationenh\u00e4user&#8220; erkl\u00e4rt der Bundestagsabgeordnete Michael Groschek: &#8222;Hier in Oberhausen leistet das Mehrgenerationenhaus &amp;039;Alte Heid&amp;039; wertvolle Arbeit und bietet passgenaue Angebote wie Familienbildung, Kinderbetreuung und Seniorenarbeit f\u00fcr verschiedene&hellip; <\/p>\n","protected":false},"author":1,"featured_media":0,"comment_status":"closed","ping_status":"closed","sticky":false,"template":"","format":"standard","meta":{"footnotes":""},"categories":[1],"tags":[],"quellen":[],"class_list":["post-874","post","type-post","status-publish","format-standard","hentry","category-allgemein"],"_links":{"self":[{"href":"https:\/\/meier-gerdingh.de\/wp-spd-ob\/wp-json\/wp\/v2\/posts\/874","targetHints":{"allow":["GET"]}}],"collection":[{"href":"https:\/\/meier-gerdingh.de\/wp-spd-ob\/wp-json\/wp\/v2\/posts"}],"about":[{"href":"https:\/\/meier-gerdingh.de\/wp-spd-ob\/wp-json\/wp\/v2\/types\/post"}],"author":[{"embeddable":true,"href":"https:\/\/meier-gerdingh.de\/wp-spd-ob\/wp-json\/wp\/v2\/users\/1"}],"replies":[{"embeddable":true,"href":"https:\/\/meier-gerdingh.de\/wp-spd-ob\/wp-json\/wp\/v2\/comments?post=874"}],"version-history":[{"count":0,"href":"https:\/\/meier-gerdingh.de\/wp-spd-ob\/wp-json\/wp\/v2\/posts\/874\/revisions"}],"wp:attachment":[{"href":"https:\/\/meier-gerdingh.de\/wp-spd-ob\/wp-json\/wp\/v2\/media?parent=874"}],"wp:term":[{"taxonomy":"category","embeddable":true,"href":"https:\/\/meier-gerdingh.de\/wp-spd-ob\/wp-json\/wp\/v2\/categories?post=874"},{"taxonomy":"post_tag","embeddable":true,"href":"https:\/\/meier-gerdingh.de\/wp-spd-ob\/wp-json\/wp\/v2\/tags?post=874"},{"taxonomy":"quellen","embeddable":true,"href":"https:\/\/meier-gerdingh.de\/wp-spd-ob\/wp-json\/wp\/v2\/quellen?post=874"}],"curies":[{"name":"wp","href":"https:\/\/api.w.org\/{rel}","templated":true}]}}