{"id":8743,"date":"2022-03-25T12:16:48","date_gmt":"2022-03-25T11:16:48","guid":{"rendered":"https:\/\/meier-gerdingh.de\/wp-spd-ob\/?p=8743"},"modified":"2022-03-28T12:20:09","modified_gmt":"2022-03-28T10:20:09","slug":"die-schwarz-gelbe-koalition-lehnt-die-gesetzliche-abschaffung-von-strassenausbaubeitraegen-ab","status":"publish","type":"post","link":"https:\/\/meier-gerdingh.de\/wp-spd-ob\/2022\/03\/25\/die-schwarz-gelbe-koalition-lehnt-die-gesetzliche-abschaffung-von-strassenausbaubeitraegen-ab\/","title":{"rendered":"Die Schwarz-Gelbe Koalition lehnt die gesetzliche Abschaffung von Stra\u00dfenausbaubeitr\u00e4gen ab"},"content":{"rendered":"<p><a href=\"https:\/\/meier-gerdingh.de\/wp-spd-ob\/wp-content\/uploads\/2019\/12\/lt-nrw-2019.jpg\"><img decoding=\"async\" class=\"aligncenter size-full wp-image-6871\" src=\"https:\/\/meier-gerdingh.de\/wp-spd-ob\/wp-content\/uploads\/2019\/12\/lt-nrw-2019.jpg\" alt=\"\" width=\"800\" height=\"300\" srcset=\"https:\/\/meier-gerdingh.de\/wp-spd-ob\/wp-content\/uploads\/2019\/12\/lt-nrw-2019.jpg 800w, https:\/\/meier-gerdingh.de\/wp-spd-ob\/wp-content\/uploads\/2019\/12\/lt-nrw-2019-300x113.jpg 300w, https:\/\/meier-gerdingh.de\/wp-spd-ob\/wp-content\/uploads\/2019\/12\/lt-nrw-2019-768x288.jpg 768w\" sizes=\"(max-width: 800px) 100vw, 800px\" \/><\/a>Die Schwarz-Gelbe Koalition lehnt die gesetzliche Abschaffung von Stra\u00dfenausbaubeitr\u00e4gen ab<\/p>\n<h3 class=\"spd-ob-crossheading\">Wahlkampfman\u00f6ver<\/h3>\n<p>Frederick Cordes bezeichnet die angebliche Abschaffung der Stra\u00dfenausbaubeitr\u00e4ge als &#8222;Wahlkampfman\u00f6ver&#8220; von CDU und FDP. Statt die Anliegergeb\u00fchren per Gesetz endg\u00fcltig abzuschaffen, verdoppelt Schwarz-Gelb lediglich das entsprechende F\u00f6rderprogramm. &#8222;Damit k\u00f6nnten die zu zahlenden Geb\u00fchren zwar p\u00fcnktlich zum Wahlkampfjahr auf Null gesenkt werden, gleichzeitig halten sich CDU und FDP die Option offen, das F\u00f6rderprogramm im Zuge der n\u00e4chsten Haushaltsberatungen auslaufen zu lassen&#8220;, stellt der Finanzexperte Stefan Zimkeit fest und weist darauf hin, dass Betroffene keinen rechtlichen Anspruch auf die Erstattung der Beitr\u00e4ge haben.<!--more--><\/p>\n<h3 class=\"spd-ob-crossheading\">Erneute Ablehnung der gesetzlichen Abschaffung<\/h3>\n<p>Die von der SPD beantragte gesetzliche Abschaffung der Stra\u00dfenausbaubeitr\u00e4ge hat Schwarz-Gelb in einer namentlichen Abstimmung heute erneut abgelehnt. &#8222;Schon 2019 gab es eine von fast 500.000 Menschen unterzeichnete Volksinitiative mit demselben Ziel&#8220;, erinnert sich Sonja Bongers. Diese wurde damals ebenfalls von der regierenden CDU-FDP-Koalition zur\u00fcckgewiesen.<\/p>\n<h3 class=\"spd-ob-crossheading\">Stra\u00dfenausbaubeitr\u00e4ge ersatzlos abschaffen<\/h3>\n<p>&#8222;Das F\u00f6rderprogramm der Landesregierung zur Abmilderung der ungerechten Stra\u00dfenbaubeitr\u00e4ge ist ein B\u00fcrokratiemonster. Zun\u00e4chst m\u00fcssen die Beitr\u00e4ge berechnet und erhoben werden, dann muss ein Antrag gestellt werden, die Beitr\u00e4ge zu erstatten. Die damit verbundenen hohen Verwaltungskosten haben die St\u00e4dte zu tragen&#8220;, kritisieren die drei Oberhausener SPD Landtagsabgeordneten. Deswegen verstehen die drei Abgeordneten nicht, warum die Anliegergeb\u00fchren nicht ersatzlos abgeschafft werden. Sie bef\u00fcrchteten, dass sich Schwarz-Gelb noch eine &#8222;Hintert\u00fcr&#8220; offen halten m\u00f6chte.<\/p>\n<p>Das zeigt, CDU und FDP liefern nicht mehr als einen unausgereiften Schnellschuss.<\/p>\n","protected":false},"excerpt":{"rendered":"<p>Die Schwarz-Gelbe Koalition lehnt die gesetzliche Abschaffung von Stra\u00dfenausbaubeitr\u00e4gen ab Wahlkampfman\u00f6ver Frederick Cordes bezeichnet die angebliche Abschaffung der Stra\u00dfenausbaubeitr\u00e4ge als &#8222;Wahlkampfman\u00f6ver&#8220; von CDU und FDP. Statt die Anliegergeb\u00fchren per Gesetz&hellip; <\/p>\n","protected":false},"author":1,"featured_media":0,"comment_status":"closed","ping_status":"closed","sticky":false,"template":"","format":"standard","meta":{"footnotes":""},"categories":[98,216],"tags":[2031,3082,2277,3163,3162,1717,1712,1136],"quellen":[2806,1317,331],"class_list":["post-8743","post","type-post","status-publish","format-standard","hentry","category-finanzen","category-land","tag-anliegerbeitraege","tag-erschliessungsbeitraege","tag-foerderprogramm-strassenbaubeitraege","tag-kag","tag-kommunalabgabengesetz","tag-strassenausbaubeitraege","tag-strassenbaubeitraege","tag-strassensanierung","quellen-mdl-frederick-cordes","quellen-mdl-sonja-bongers","quellen-mdl-stefan-zimkeit"],"_links":{"self":[{"href":"https:\/\/meier-gerdingh.de\/wp-spd-ob\/wp-json\/wp\/v2\/posts\/8743","targetHints":{"allow":["GET"]}}],"collection":[{"href":"https:\/\/meier-gerdingh.de\/wp-spd-ob\/wp-json\/wp\/v2\/posts"}],"about":[{"href":"https:\/\/meier-gerdingh.de\/wp-spd-ob\/wp-json\/wp\/v2\/types\/post"}],"author":[{"embeddable":true,"href":"https:\/\/meier-gerdingh.de\/wp-spd-ob\/wp-json\/wp\/v2\/users\/1"}],"replies":[{"embeddable":true,"href":"https:\/\/meier-gerdingh.de\/wp-spd-ob\/wp-json\/wp\/v2\/comments?post=8743"}],"version-history":[{"count":0,"href":"https:\/\/meier-gerdingh.de\/wp-spd-ob\/wp-json\/wp\/v2\/posts\/8743\/revisions"}],"wp:attachment":[{"href":"https:\/\/meier-gerdingh.de\/wp-spd-ob\/wp-json\/wp\/v2\/media?parent=8743"}],"wp:term":[{"taxonomy":"category","embeddable":true,"href":"https:\/\/meier-gerdingh.de\/wp-spd-ob\/wp-json\/wp\/v2\/categories?post=8743"},{"taxonomy":"post_tag","embeddable":true,"href":"https:\/\/meier-gerdingh.de\/wp-spd-ob\/wp-json\/wp\/v2\/tags?post=8743"},{"taxonomy":"quellen","embeddable":true,"href":"https:\/\/meier-gerdingh.de\/wp-spd-ob\/wp-json\/wp\/v2\/quellen?post=8743"}],"curies":[{"name":"wp","href":"https:\/\/api.w.org\/{rel}","templated":true}]}}