{"id":876,"date":"2011-06-14T16:00:00","date_gmt":"2011-06-14T14:00:00","guid":{"rendered":"http:\/\/www.meier-gerdingh.de\/spd-oberhausen\/wp\/?p=876"},"modified":"2017-05-16T13:32:13","modified_gmt":"2017-05-16T11:32:13","slug":"spiel-spass-und-diskussionen-am-tackenberg","status":"publish","type":"post","link":"https:\/\/meier-gerdingh.de\/wp-spd-ob\/2011\/06\/14\/spiel-spass-und-diskussionen-am-tackenberg\/","title":{"rendered":"Spiel, Spa\u00df und Diskussionen am Tackenberg"},"content":{"rendered":"<div style=\"width: 210px\" class=\"wp-caption alignleft\"><a href=\"http:\/\/meier-gerdingh.de\/wp-spd-ob\/wp-content\/uploads\/spielplatzfest_elpenbachstrasse.jpg\"><img decoding=\"async\" class=\"size-full\" src=\"http:\/\/meier-gerdingh.de\/wp-spd-ob\/wp-content\/uploads\/spielplatzfest_elpenbachstrasse.jpg\" alt=\"Spiel. Spa\u00df und Diskussionen am Tackenberg: Am Sonntag findet das Spielplatzfest an der Elpenbachstra\u00dfe statt\" width=\"200\" height=\"133\" \/><\/a><p class=\"wp-caption-text\">Spiel. Spa\u00df und Diskussionen am Tackenberg: Am Sonntag findet das Spielplatzfest an der Elpenbachstra\u00dfe statt<\/p><\/div>\n<p>Am Sonntag, 19. Juni, ab 14.00 Uhr, ist es wieder soweit: Kinder und Erwachsene treffen sich beim traditionellen Spielplatzfest auf dem Spielplatz an der Elpenbachstra\u00dfe. Die Apostelkirchengemeinde, der AWO-Kindergarten, die Mevlana-Moschee, SJD &#8211; Die Falken und die Osterfelder SPD laden bis 17.30 Uhr ein zu Spielangeboten, Informationen sowie Essen und Getr\u00e4nken. Die Einnahmen des Festes kommen der Arbeit der Vereine und Verb\u00e4nde aus Klosterhardt zu Gute.<!--more--><\/p>\n<p>F\u00fcr die Kinder gibt es zahlreiche Spielangebote, f\u00fcr Erwachsene ebenso zahlreiche kulinarische Angebote.<\/p>\n<p>Au\u00dferdem stehen die f\u00fcr Klosterhardt zust\u00e4ndigen Ratsmitglieder Arndt Barkowsky und Stefan Zimkeit, sowie Bezirksb\u00fcrgermeister Karl Heinz Pflugbeil f\u00fcr Gespr\u00e4che zu aktuellen politischen Themen zur Verf\u00fcgung.<\/p>\n<p>Nachdem das Fest 2010 wegen Regens ausfallen musste, hoffen alle Beteiligten auf gutes Wetter und ein sch\u00f6nes Fest.<\/p>\n","protected":false},"excerpt":{"rendered":"<p>Am Sonntag, 19. Juni, ab 14.00 Uhr, ist es wieder soweit: Kinder und Erwachsene treffen sich beim traditionellen Spielplatzfest auf dem Spielplatz an der Elpenbachstra\u00dfe. Die Apostelkirchengemeinde, der AWO-Kindergarten, die&hellip; <\/p>\n","protected":false},"author":1,"featured_media":0,"comment_status":"closed","ping_status":"closed","sticky":false,"template":"","format":"standard","meta":{"footnotes":""},"categories":[1],"tags":[],"quellen":[],"class_list":["post-876","post","type-post","status-publish","format-standard","hentry","category-allgemein"],"_links":{"self":[{"href":"https:\/\/meier-gerdingh.de\/wp-spd-ob\/wp-json\/wp\/v2\/posts\/876","targetHints":{"allow":["GET"]}}],"collection":[{"href":"https:\/\/meier-gerdingh.de\/wp-spd-ob\/wp-json\/wp\/v2\/posts"}],"about":[{"href":"https:\/\/meier-gerdingh.de\/wp-spd-ob\/wp-json\/wp\/v2\/types\/post"}],"author":[{"embeddable":true,"href":"https:\/\/meier-gerdingh.de\/wp-spd-ob\/wp-json\/wp\/v2\/users\/1"}],"replies":[{"embeddable":true,"href":"https:\/\/meier-gerdingh.de\/wp-spd-ob\/wp-json\/wp\/v2\/comments?post=876"}],"version-history":[{"count":0,"href":"https:\/\/meier-gerdingh.de\/wp-spd-ob\/wp-json\/wp\/v2\/posts\/876\/revisions"}],"wp:attachment":[{"href":"https:\/\/meier-gerdingh.de\/wp-spd-ob\/wp-json\/wp\/v2\/media?parent=876"}],"wp:term":[{"taxonomy":"category","embeddable":true,"href":"https:\/\/meier-gerdingh.de\/wp-spd-ob\/wp-json\/wp\/v2\/categories?post=876"},{"taxonomy":"post_tag","embeddable":true,"href":"https:\/\/meier-gerdingh.de\/wp-spd-ob\/wp-json\/wp\/v2\/tags?post=876"},{"taxonomy":"quellen","embeddable":true,"href":"https:\/\/meier-gerdingh.de\/wp-spd-ob\/wp-json\/wp\/v2\/quellen?post=876"}],"curies":[{"name":"wp","href":"https:\/\/api.w.org\/{rel}","templated":true}]}}