{"id":877,"date":"2011-06-15T16:00:00","date_gmt":"2011-06-15T14:00:00","guid":{"rendered":"http:\/\/www.meier-gerdingh.de\/spd-oberhausen\/wp\/?p=877"},"modified":"2017-05-16T13:31:53","modified_gmt":"2017-05-16T11:31:53","slug":"gewerbesteuerreform-verhindert","status":"publish","type":"post","link":"https:\/\/meier-gerdingh.de\/wp-spd-ob\/2011\/06\/15\/gewerbesteuerreform-verhindert\/","title":{"rendered":"Gewerbesteuerreform verhindert"},"content":{"rendered":"<div style=\"width: 150px\" class=\"wp-caption alignleft\"><a href=\"http:\/\/meier-gerdingh.de\/wp-spd-ob\/wp-content\/uploads\/groschek_michael_09.jpg\"><img decoding=\"async\" class=\"size-full\" src=\"http:\/\/meier-gerdingh.de\/wp-spd-ob\/wp-content\/uploads\/groschek_michael_09.jpg\" alt=\"Michael Groschek ist Mitglied des Bundestages f\u00fcr Oberhausen und Dinslaken\" width=\"140\" height=\"186\" \/><\/a><p class=\"wp-caption-text\">Michael Groschek ist Mitglied des Bundestages f\u00fcr Oberhausen und Dinslaken<\/p><\/div>\n<p>Wolfgang Sch\u00e4uble und die FDP hatten die Gewerbesteuer abschaffen wollen. Heute (Mittwoch den 15.6.2011) wird im Finanzministerium die Idee zu Grabe getragen, die Haupteinnahmequelle der Gemeinden zu streichen. Nach 15-monatiger Beratung in der Gemeindefinanzkommission von Bund, L\u00e4ndern und Kommunen, ist die Reform gescheitert. Der Bundestagsabgeordnete Michael Groschek hatte bereits vor gut einem Jahr darauf hingewiesen, dass die Abschaffung der Gewerbesteuer die St\u00e4dte und Gemeinden in die Knie zwingen w\u00fcrde.<!--more--><\/p>\n<p>Das Gewerbesteuereinkommen wird 2011 wieder voraussichtlich knapp 40 Mrd. Euro betragen. Im langfristigen Mittel hat die Gewerbesteuer ein durchschnittliches j\u00e4hrliches Wachstum von 5 Prozent. &#8222;Bei der monatelangen Beratung in der Gemeindefinanzkommission wollte man die Kommunen f\u00fcr dumm verkaufen&#8220;, so Groschek. \u00dcber die Parteigrenzen hinweg d\u00fcrften die St\u00e4dte und Gemeinden nun zufrieden sein. Die Abschaffung der Gewerbesteuer ist vom Tisch.<\/p>\n<p>Nun wird der Bund einen Teil der bisher von den Kommunen getragenen Soziallasten \u00fcbernehmen. Ruhest\u00e4ndler, die keine oder eine nicht ausreichende Rente erhalten, bekommen eine Grundsicherung. Die fast 4 Mrd. Euro Kosten f\u00fcr diese Aufstockung \u00fcbernimmt nun der Bund.<\/p>\n","protected":false},"excerpt":{"rendered":"<p>Wolfgang Sch\u00e4uble und die FDP hatten die Gewerbesteuer abschaffen wollen. Heute (Mittwoch den 15.6.2011) wird im Finanzministerium die Idee zu Grabe getragen, die Haupteinnahmequelle der Gemeinden zu streichen. Nach 15-monatiger&hellip; <\/p>\n","protected":false},"author":1,"featured_media":0,"comment_status":"closed","ping_status":"closed","sticky":false,"template":"","format":"standard","meta":{"footnotes":""},"categories":[1],"tags":[],"quellen":[],"class_list":["post-877","post","type-post","status-publish","format-standard","hentry","category-allgemein"],"_links":{"self":[{"href":"https:\/\/meier-gerdingh.de\/wp-spd-ob\/wp-json\/wp\/v2\/posts\/877","targetHints":{"allow":["GET"]}}],"collection":[{"href":"https:\/\/meier-gerdingh.de\/wp-spd-ob\/wp-json\/wp\/v2\/posts"}],"about":[{"href":"https:\/\/meier-gerdingh.de\/wp-spd-ob\/wp-json\/wp\/v2\/types\/post"}],"author":[{"embeddable":true,"href":"https:\/\/meier-gerdingh.de\/wp-spd-ob\/wp-json\/wp\/v2\/users\/1"}],"replies":[{"embeddable":true,"href":"https:\/\/meier-gerdingh.de\/wp-spd-ob\/wp-json\/wp\/v2\/comments?post=877"}],"version-history":[{"count":0,"href":"https:\/\/meier-gerdingh.de\/wp-spd-ob\/wp-json\/wp\/v2\/posts\/877\/revisions"}],"wp:attachment":[{"href":"https:\/\/meier-gerdingh.de\/wp-spd-ob\/wp-json\/wp\/v2\/media?parent=877"}],"wp:term":[{"taxonomy":"category","embeddable":true,"href":"https:\/\/meier-gerdingh.de\/wp-spd-ob\/wp-json\/wp\/v2\/categories?post=877"},{"taxonomy":"post_tag","embeddable":true,"href":"https:\/\/meier-gerdingh.de\/wp-spd-ob\/wp-json\/wp\/v2\/tags?post=877"},{"taxonomy":"quellen","embeddable":true,"href":"https:\/\/meier-gerdingh.de\/wp-spd-ob\/wp-json\/wp\/v2\/quellen?post=877"}],"curies":[{"name":"wp","href":"https:\/\/api.w.org\/{rel}","templated":true}]}}