{"id":879,"date":"2011-06-17T16:00:00","date_gmt":"2011-06-17T14:00:00","guid":{"rendered":"http:\/\/www.meier-gerdingh.de\/spd-oberhausen\/wp\/?p=879"},"modified":"2017-05-16T13:31:44","modified_gmt":"2017-05-16T11:31:44","slug":"kein-schulentwicklungsplan-ohne-ergebnisoffene-diskussion","status":"publish","type":"post","link":"https:\/\/meier-gerdingh.de\/wp-spd-ob\/2011\/06\/17\/kein-schulentwicklungsplan-ohne-ergebnisoffene-diskussion\/","title":{"rendered":"Kein Schulentwicklungsplan ohne ergebnisoffene Diskussion"},"content":{"rendered":"<div style=\"width: 150px\" class=\"wp-caption alignleft\"><a href=\"http:\/\/meier-gerdingh.de\/wp-spd-ob\/wp-content\/uploads\/grosse_broemer_wolfgang_09.jpg\"><img decoding=\"async\" class=\"size-full\" src=\"http:\/\/meier-gerdingh.de\/wp-spd-ob\/wp-content\/uploads\/grosse_broemer_wolfgang_09.jpg\" alt=\"Wolfgang Gro\u00dfe Br\u00f6mer ist Vorsitzender der SPD-Ratsfraktion und Mitglied des Landtags f\u00fcr Alt-Oberhausen und Osterfeld\" width=\"140\" height=\"169\" \/><\/a><p class=\"wp-caption-text\">Wolfgang Gro\u00dfe Br\u00f6mer ist Vorsitzender der SPD-Ratsfraktion und Mitglied des Landtags f\u00fcr Alt-Oberhausen und Osterfeld<\/p><\/div>\n<p>&#8222;Die Vorlage des Schulentwicklungsplanes durch die Verwaltung ist f\u00fcr uns der Startschuss f\u00fcr eine ergebnisoffene Diskussion \u00fcber die Zukunft der Bildungslandschaft in Oberhausen. Wir laden alle B\u00fcrgerinnen und B\u00fcrger ein, sich an diesem Dialog zu beteiligen&#8220;, erkl\u00e4rte der Vorsitzende der SPD-Ratsfraktion Wolfgang Gro\u00dfe Br\u00f6mer in einer Stellungnahme zum Verwaltungsentwurf des Schulentwicklungsplanes. &#8222;Klar ist aus unserer Sicht aber auch, dass es dringenden Handlungsbedarf gibt. Die immer weiter sinkenden Sch\u00fclerzahlen machen ein einfaches ,Weiter so? unm\u00f6glich.&#8220;<!--more--><\/p>\n<p>Allein zwischen 2005 und 2015 gehe die Zahl der Erstkl\u00e4sser um rund 600 Sch\u00fcler zur\u00fcck. Dadurch fehlten rund 25 Eingangsklassen. An den Hauptschulen sei die Situation noch dramatischer: Schon im Jahr 2013 sei nur noch mit 33 Anmeldungen im gesamten Stadtgebiet zu rechen. &#8222;Angesichts dieser Zahlen ist es unumg\u00e4nglich, einzelne Schulstandorte aufzugeben,&#8220; best\u00e4tigte auch Stefan Zimkeit, schulpolitischer Sprecher der SPD.<\/p>\n<p>&#8222;Keine einzige Schule aber wird aus finanziellen Gr\u00fcnden geschlossen&#8220;, so Zimkeit. &#8222;Es geht ausschlie\u00dflich darum, gute Voraussetzungen f\u00fcr die p\u00e4dagogische Arbeit vor Ort zu schaffen. Das hei\u00dft konkret: Wir brauchen Schulen, die weder zu gro\u00df noch zu klein sind und wir wollen im Grundschulbereich fl\u00e4chendeckend wohnortnahe Schulen erhalten.&#8220; Gerade das Prinzip &#8222;kurze Beine &#8211; kurze Wege&#8220; lasse sich aber nur durch eine vorausschauende Steuerung der Schulentwicklung garantieren.<\/p>\n<p>&#8222;Wir k\u00f6nnen es nicht dem Zufall \u00fcberlassen, welche Schulen schlie\u00dfen m\u00fcssen&#8220;, so Zimkeit. Das k\u00f6nne letztlich dazu f\u00fchren, dass ganze Stadtteile ohne eigene Grundschule dastehen. &#8222;Au\u00dferdem macht es keinen Sinn, in wenigen Jahren wieder \u00fcber Schlie\u00dfungen diskutieren zu m\u00fcssen und Lehrer, Eltern und Sch\u00fcler aufs Neue zu verunsichern.&#8220; Am Ende der aktuellen Debatte m\u00fcssten daher Entscheidungen stehen, die langfristig tragf\u00e4hig sind. Das gelte im \u00dcbrigen nicht nur f\u00fcr die Frage von Schulschlie\u00dfungen.<\/p>\n<p>Wolfgang Gro\u00dfe Br\u00f6mer verwies darauf, dass der aktuelle Entwurf des Schulentwicklungsplanes in der Hauptsache auf die qualitative Entwicklung der Oberhausener Schullandschaft ziele. &#8222;Die Verwaltungsvorschl\u00e4ge reichen von der Ausweitung des Ganztages, \u00fcber die Entwicklung der regionalen Bildungslandschaft und der Schulsozialarbeit bis zum Ausbau der Zusammenarbeit zwischen Schule und Jugendhilfe.&#8220;<\/p>\n<p>Die SPD lege deshalb Wert darauf, die Diskussion der Verwaltungsvorlage nicht auf Schulschlie\u00dfungen zu beschr\u00e4nken. &#8222;Wir werden eigene inhaltliche Vorschl\u00e4ge zur Weiterentwicklung der Schullandschaft einbringen&#8220;, so Stefan Zimkeit. &#8222;Unsere Schwerpunkte legen wir dabei zum einen auf die Inklusion von Sch\u00fclern mit Behinderung. Zum anderen wollen wir, dass die st\u00e4dtischen F\u00f6rderma\u00dfnahmen f\u00fcr Schulen zu einem Unterst\u00fctzungssystem f\u00fcr Schulen mit besonderen Problemlagen geb\u00fcndelt werden.&#8220;<\/p>\n<p>Nach dem Prinzip &#8222;Ungleiches muss ungleich behandelt werden&#8220; sollen Schulen mit schwierigeren Rahmenbedingungen zuk\u00fcnftig mehr Hilfe von der Stadt bekommen. &#8222;Wir wollen das Schulsystem in Oberhausen inhaltlich und organisatorisch voranbringen und damit zukunftsfest machen&#8220;, so Gro\u00dfe Br\u00f6mer abschlie\u00dfend. &#8222;Daf\u00fcr brauchen wir bis zur Ratssitzung im Oktober eine sachliche und ergebnisoffene Diskussion.&#8220;<\/p>\n","protected":false},"excerpt":{"rendered":"<p>&#8222;Die Vorlage des Schulentwicklungsplanes durch die Verwaltung ist f\u00fcr uns der Startschuss f\u00fcr eine ergebnisoffene Diskussion \u00fcber die Zukunft der Bildungslandschaft in Oberhausen. Wir laden alle B\u00fcrgerinnen und B\u00fcrger ein,&hellip; <\/p>\n","protected":false},"author":1,"featured_media":0,"comment_status":"closed","ping_status":"closed","sticky":false,"template":"","format":"standard","meta":{"footnotes":""},"categories":[1],"tags":[],"quellen":[],"class_list":["post-879","post","type-post","status-publish","format-standard","hentry","category-allgemein"],"_links":{"self":[{"href":"https:\/\/meier-gerdingh.de\/wp-spd-ob\/wp-json\/wp\/v2\/posts\/879","targetHints":{"allow":["GET"]}}],"collection":[{"href":"https:\/\/meier-gerdingh.de\/wp-spd-ob\/wp-json\/wp\/v2\/posts"}],"about":[{"href":"https:\/\/meier-gerdingh.de\/wp-spd-ob\/wp-json\/wp\/v2\/types\/post"}],"author":[{"embeddable":true,"href":"https:\/\/meier-gerdingh.de\/wp-spd-ob\/wp-json\/wp\/v2\/users\/1"}],"replies":[{"embeddable":true,"href":"https:\/\/meier-gerdingh.de\/wp-spd-ob\/wp-json\/wp\/v2\/comments?post=879"}],"version-history":[{"count":0,"href":"https:\/\/meier-gerdingh.de\/wp-spd-ob\/wp-json\/wp\/v2\/posts\/879\/revisions"}],"wp:attachment":[{"href":"https:\/\/meier-gerdingh.de\/wp-spd-ob\/wp-json\/wp\/v2\/media?parent=879"}],"wp:term":[{"taxonomy":"category","embeddable":true,"href":"https:\/\/meier-gerdingh.de\/wp-spd-ob\/wp-json\/wp\/v2\/categories?post=879"},{"taxonomy":"post_tag","embeddable":true,"href":"https:\/\/meier-gerdingh.de\/wp-spd-ob\/wp-json\/wp\/v2\/tags?post=879"},{"taxonomy":"quellen","embeddable":true,"href":"https:\/\/meier-gerdingh.de\/wp-spd-ob\/wp-json\/wp\/v2\/quellen?post=879"}],"curies":[{"name":"wp","href":"https:\/\/api.w.org\/{rel}","templated":true}]}}