{"id":8799,"date":"2022-04-01T19:11:10","date_gmt":"2022-04-01T17:11:10","guid":{"rendered":"https:\/\/meier-gerdingh.de\/wp-spd-ob\/?p=8799"},"modified":"2022-04-01T19:11:10","modified_gmt":"2022-04-01T17:11:10","slug":"neue-chance-fuer-das-niederrhein-kolleg","status":"publish","type":"post","link":"https:\/\/meier-gerdingh.de\/wp-spd-ob\/2022\/04\/01\/neue-chance-fuer-das-niederrhein-kolleg\/","title":{"rendered":"Neue Chance f\u00fcr das Niederrhein-Kolleg"},"content":{"rendered":"<p>&#8222;Die Entscheidung, das Niederrhein-Kolleg (NRK) zu erhalten, muss noch vor der Landtagswahl getroffen werden&#8220;, sagt Stefan Zimkeit. &#8222;Ich begr\u00fc\u00dfe die Ank\u00fcndigung des Schulministeriums, die Schlie\u00dfung der Oberhausener Weiterbildungseinrichtung noch einmal zu \u00fcberdenken. Es ist richtig, in die \u00dcberlegungen die Tatsache einzubeziehen, dass das NRK bei Bildungsangeboten f\u00fcr ukrainische Fl\u00fcchtlinge einen wichtigen Beitrag leisten kann&#8220;, betont der SPD-Abgeordnete. Er geht davon aus, dass auch der anhaltende Protest von Studierenden und Lehrkr\u00e4ften sowie aus der Oberhausener Bev\u00f6lkerung eine Rolle dabei gespielt hat, dass Schulministerin Yvonne Gebauer nun Bewegung signalisiert.<!--more--><\/p>\n<p>Zimkeit weist eindringlich darauf hin, dass das Anmeldeverfahren f\u00fcr das NRK im Sommer stattfinden und rechtzeitig in die Wege geleitet werden muss. &#8222;Die Entscheidung muss also noch vor dem Landtagswahltag am 15. Mai feststehen, denn sonst w\u00e4re das Kolleg ein Jahr lang ohne Neuanmeldungen.&#8220; Dies w\u00fcrde die Chancen f\u00fcr einen Erhalt des NRK deutlich verschlechtern.<\/p>\n<p>&#8222;Ab sofort m\u00fcssen alle Ma\u00dfnahmen gestoppt werden, die vor dem Hintergrund der geplanten Schlie\u00dfung eingeleitet wurden&#8220;, fordert Stefan Zimkeit. Er hofft, dass im Rahmen der angek\u00fcndigten Gespr\u00e4che zwischen der Stadt und dem Schulministerium ein Weg f\u00fcr den Erhalt des wichtigen Bildungsangebotes gefunden wird. <\/p>\n<p>&#8222;Es darf aber nicht um eine Verschiebung gehen, sondern wir brauchen eine dauerhafte Absicherung des Standortes.&#8220;<\/p>\n","protected":false},"excerpt":{"rendered":"<p>&#8222;Die Entscheidung, das Niederrhein-Kolleg (NRK) zu erhalten, muss noch vor der Landtagswahl getroffen werden&#8220;, sagt Stefan Zimkeit. &#8222;Ich begr\u00fc\u00dfe die Ank\u00fcndigung des Schulministeriums, die Schlie\u00dfung der Oberhausener Weiterbildungseinrichtung noch einmal&hellip; <\/p>\n","protected":false},"author":1,"featured_media":0,"comment_status":"closed","ping_status":"closed","sticky":false,"template":"","format":"standard","meta":{"footnotes":""},"categories":[231,216],"tags":[1519,3159,2918,3158,3142,1264,3131],"quellen":[331],"class_list":["post-8799","post","type-post","status-publish","format-standard","hentry","category-bildung","category-land","tag-abitur","tag-hochschulzugang","tag-niederrhein-kolleg","tag-schulministerium-nrw","tag-ukraine-fluechtlinge","tag-weiterbildung","tag-zweiter-bildungsweg","quellen-mdl-stefan-zimkeit"],"_links":{"self":[{"href":"https:\/\/meier-gerdingh.de\/wp-spd-ob\/wp-json\/wp\/v2\/posts\/8799","targetHints":{"allow":["GET"]}}],"collection":[{"href":"https:\/\/meier-gerdingh.de\/wp-spd-ob\/wp-json\/wp\/v2\/posts"}],"about":[{"href":"https:\/\/meier-gerdingh.de\/wp-spd-ob\/wp-json\/wp\/v2\/types\/post"}],"author":[{"embeddable":true,"href":"https:\/\/meier-gerdingh.de\/wp-spd-ob\/wp-json\/wp\/v2\/users\/1"}],"replies":[{"embeddable":true,"href":"https:\/\/meier-gerdingh.de\/wp-spd-ob\/wp-json\/wp\/v2\/comments?post=8799"}],"version-history":[{"count":0,"href":"https:\/\/meier-gerdingh.de\/wp-spd-ob\/wp-json\/wp\/v2\/posts\/8799\/revisions"}],"wp:attachment":[{"href":"https:\/\/meier-gerdingh.de\/wp-spd-ob\/wp-json\/wp\/v2\/media?parent=8799"}],"wp:term":[{"taxonomy":"category","embeddable":true,"href":"https:\/\/meier-gerdingh.de\/wp-spd-ob\/wp-json\/wp\/v2\/categories?post=8799"},{"taxonomy":"post_tag","embeddable":true,"href":"https:\/\/meier-gerdingh.de\/wp-spd-ob\/wp-json\/wp\/v2\/tags?post=8799"},{"taxonomy":"quellen","embeddable":true,"href":"https:\/\/meier-gerdingh.de\/wp-spd-ob\/wp-json\/wp\/v2\/quellen?post=8799"}],"curies":[{"name":"wp","href":"https:\/\/api.w.org\/{rel}","templated":true}]}}