{"id":8811,"date":"2022-04-05T15:51:26","date_gmt":"2022-04-05T13:51:26","guid":{"rendered":"https:\/\/meier-gerdingh.de\/wp-spd-ob\/?p=8811"},"modified":"2022-04-05T15:51:26","modified_gmt":"2022-04-05T13:51:26","slug":"der-staat-sollte-immer-auf-der-seite-der-menschen-stehen-die-besonders-schutz-und-hilfsbeduerftig-sind","status":"publish","type":"post","link":"https:\/\/meier-gerdingh.de\/wp-spd-ob\/2022\/04\/05\/der-staat-sollte-immer-auf-der-seite-der-menschen-stehen-die-besonders-schutz-und-hilfsbeduerftig-sind\/","title":{"rendered":"Der Staat sollte immer auf der Seite der Menschen stehen, die besonders schutz- und hilfsbed\u00fcrftig sind"},"content":{"rendered":"<div id=\"attachment_7690\" style=\"width: 170px\" class=\"wp-caption alignleft\"><a href=\"https:\/\/meier-gerdingh.de\/wp-spd-ob\/wp-content\/uploads\/2020\/11\/bongers-sonja-2020-lg.jpg\"><img aria-describedby=\"caption-attachment-7690\" decoding=\"async\" class=\"size-full wp-image-7690\" src=\"https:\/\/meier-gerdingh.de\/wp-spd-ob\/wp-content\/uploads\/2020\/11\/bongers-sonja-2020.jpg\" alt=\"\" width=\"160\" height=\"200\" \/><\/a><p id=\"caption-attachment-7690\" class=\"wp-caption-text\">Sonja Bongers ist Vorsitzende der SPD-Ratsfraktion und Mitglied des Landtags von Nordrhein-Westfalen<\/p><\/div>\n<p>Die SPD-Landtagsabgeordnete Sonja Bongers hat es begr\u00fc\u00dft, dass das Amt der Opferschutzbeauftragten nun endlich gesetzlich geregelt werden soll. &#8222;Rechtlich beruht die Existenz des Amtes der Opferschutzbeauftragten aktuell auf einer Allgemeinverf\u00fcgung des Justizministeriums. Dass dieses Amt jetzt durch die demokratischen Parteien im NRW-Landtag gesetzlich geregelt werden soll, ist aus meiner Sicht absolut notwendig. Durch diese gesetzliche Regelung bekommt das Amt seine ihm geb\u00fchrende Anerkennung. Der Staat sollte immer auf der Seite der Menschen stehen, die besonders schutz- und hilfebed\u00fcrftig sind&#8220;, sagte die SPD-Rechtsexpertin.<!--more--><\/p>\n<h3 class=\"spd-ob-crossheading\">&#8222;Opfern eine Stimme geben&#8220;<\/h3>\n<p>Das im November 2017 geschaffene Amt einer Opferschutzbeauftragten bietet Menschen, denen Gewalt angetan wurde, angemessene Beratung und Informationen. Dar\u00fcber hinaus leistet die Beauftragte wertvolle Netzwerkarbeit und bringt Akteure zusammen, die Opfern helfen und sie unterst\u00fctzen k\u00f6nnen.<\/p>\n<p>&#8222;Opfer von Gewaltverbrechen brauchen eine Stimme. Sie verdienen eine Lobby, die sich f\u00fcr sie stark macht, wenn andere sie verletzt haben. Und Opfer verdienen die bestm\u00f6glichen Informationen, um in schwerer Stunde ihre Rechte wahrnehmen zu k\u00f6nnen&#8220;, so Bongers.<\/p>\n<h3 class=\"spd-ob-crossheading\">Bessere Vernetzung im Bund<\/h3>\n<p>Durch das Gesetz ergibt sich neuer Gestaltungsspielraum f\u00fcr die Opferschutzbeauftragte: Unter anderem wird die Beauftragte durch das Gesetz in das in der Entwicklung begriffene bundesweite System von Opferzentralstellen f\u00fcr Terroranschl\u00e4ge und Gro\u00dfeinsatzlagen dauerhaft als fester Ansprechpartner integriert.<\/p>\n<p>&#8222;Die zuk\u00fcnftigen Aufgaben umfassen also nicht nur Beistand und Beratungen in Situationen, in denen Menschen Gewaltverbrechen oder sexuelle \u00dcbergriffe durch Einzelt\u00e4ter erlebt haben. Dar\u00fcber hinaus wird sehr systematisch daran gearbeitet, dass Menschen geholfen werden kann, wenn sie ein Attentat oder einen Terrorakt miterlebt und \u00fcberlebt haben und dieser tragischerweise nicht verhindert werden konnte&#8220;, so Bongers.<\/p>\n<p>Derzeit \u00fcbt Elisabeth-Auchter-Mainz das Amt der Opferschutzbeauftragten f\u00fcr das Land NRW aus.<\/p>\n","protected":false},"excerpt":{"rendered":"<p>Die SPD-Landtagsabgeordnete Sonja Bongers hat es begr\u00fc\u00dft, dass das Amt der Opferschutzbeauftragten nun endlich gesetzlich geregelt werden soll. &#8222;Rechtlich beruht die Existenz des Amtes der Opferschutzbeauftragten aktuell auf einer Allgemeinverf\u00fcgung&hellip; <\/p>\n","protected":false},"author":1,"featured_media":0,"comment_status":"closed","ping_status":"closed","sticky":false,"template":"","format":"standard","meta":{"footnotes":""},"categories":[216,7],"tags":[3170,3171,1772,1611,3169,3172],"quellen":[1317],"class_list":["post-8811","post","type-post","status-publish","format-standard","hentry","category-land","category-sicherheit","tag-gewaltopfer","tag-gewaltverbrechen","tag-justizministerium-nrw","tag-opferschutz","tag-opferschutzbeauftragte","tag-opfezentralstellen","quellen-mdl-sonja-bongers"],"_links":{"self":[{"href":"https:\/\/meier-gerdingh.de\/wp-spd-ob\/wp-json\/wp\/v2\/posts\/8811","targetHints":{"allow":["GET"]}}],"collection":[{"href":"https:\/\/meier-gerdingh.de\/wp-spd-ob\/wp-json\/wp\/v2\/posts"}],"about":[{"href":"https:\/\/meier-gerdingh.de\/wp-spd-ob\/wp-json\/wp\/v2\/types\/post"}],"author":[{"embeddable":true,"href":"https:\/\/meier-gerdingh.de\/wp-spd-ob\/wp-json\/wp\/v2\/users\/1"}],"replies":[{"embeddable":true,"href":"https:\/\/meier-gerdingh.de\/wp-spd-ob\/wp-json\/wp\/v2\/comments?post=8811"}],"version-history":[{"count":0,"href":"https:\/\/meier-gerdingh.de\/wp-spd-ob\/wp-json\/wp\/v2\/posts\/8811\/revisions"}],"wp:attachment":[{"href":"https:\/\/meier-gerdingh.de\/wp-spd-ob\/wp-json\/wp\/v2\/media?parent=8811"}],"wp:term":[{"taxonomy":"category","embeddable":true,"href":"https:\/\/meier-gerdingh.de\/wp-spd-ob\/wp-json\/wp\/v2\/categories?post=8811"},{"taxonomy":"post_tag","embeddable":true,"href":"https:\/\/meier-gerdingh.de\/wp-spd-ob\/wp-json\/wp\/v2\/tags?post=8811"},{"taxonomy":"quellen","embeddable":true,"href":"https:\/\/meier-gerdingh.de\/wp-spd-ob\/wp-json\/wp\/v2\/quellen?post=8811"}],"curies":[{"name":"wp","href":"https:\/\/api.w.org\/{rel}","templated":true}]}}