{"id":882,"date":"2011-06-22T16:00:00","date_gmt":"2011-06-22T14:00:00","guid":{"rendered":"http:\/\/www.meier-gerdingh.de\/spd-oberhausen\/wp\/?p=882"},"modified":"2017-05-16T13:30:58","modified_gmt":"2017-05-16T11:30:58","slug":"28-prozent-einsparung-in-oberhausen-von-der-leyen-ist-schaeubles-sparministerin","status":"publish","type":"post","link":"https:\/\/meier-gerdingh.de\/wp-spd-ob\/2011\/06\/22\/28-prozent-einsparung-in-oberhausen-von-der-leyen-ist-schaeubles-sparministerin\/","title":{"rendered":"28 Prozent Einsparung in Oberhausen &#8211; Von der Leyen ist Sch\u00e4ubles Sparministerin"},"content":{"rendered":"<div style=\"width: 150px\" class=\"wp-caption alignleft\"><a href=\"http:\/\/meier-gerdingh.de\/wp-spd-ob\/wp-content\/uploads\/groschek_michael_09.jpg\"><img decoding=\"async\" class=\"size-full\" src=\"http:\/\/meier-gerdingh.de\/wp-spd-ob\/wp-content\/uploads\/groschek_michael_09.jpg\" alt=\"Michael Groschek ist Mitglied des Bundestages f\u00fcr Oberhausen und Dinslaken\" width=\"140\" height=\"186\" \/><\/a><p class=\"wp-caption-text\">Michael Groschek ist Mitglied des Bundestages f\u00fcr Oberhausen und Dinslaken<\/p><\/div>\n<p><i>Zu den Mittelk\u00fcrzungen in der Grundsicherung f\u00fcr Arbeitsuchende in 2011 erkl\u00e4rt der Bundestagsabgeordnete Michael Groschek:<\/i><\/p>\n<p>Von der Leyen beschneidet die Lebenschancen der Menschen vor Ort. Es ist fatal, in welchem Umfang von der Leyen die Mittel f\u00fcr aktive Arbeitsmarktpolitik zusammengestrichen hat. Standen im Jahr 2010 noch insgesamt 6,6 Mrd. Euro f\u00fcr Arbeitsmarktpolitik zur Verf\u00fcgung, so sind es in 2011 nur 5,3 Mrd. Euro. Das ist im Durchschnitt aller JobCenter eine strukturelle Mittelk\u00fcrzung infolge des unsozialen Sparpaketes von sage und schreibe rund 20 %.<!--more--><\/p>\n<p>Hier bei uns in Oberhausen bedeutet das eine Mittelk\u00fcrzung um sogar 28,2%, das sind ca. 6,7 Mio. Euro. Bei den JobCentern vor Ort fehlt jetzt das Geld f\u00fcr dringend erforderliche Weiterbildungs-, Qualifizierungs- und Umschulungsma\u00dfnahmen und f\u00fcr \u00f6ffentlich gef\u00f6rderte Besch\u00e4ftigung.<\/p>\n<p>Es trifft ganz besonders die Vermittlung von Langzeitarbeitslosen. Es werden insbesondere diejenigen St\u00e4dte leiden, die am st\u00e4rksten von hoher Arbeitslosigkeit betroffen und auf eine ausreichende Mittelausstattung ganz besonders angewiesen sind. Wer sich bisher intensiv um langzeitarbeitslose Menschen gek\u00fcmmert und in qualitativ hochwertige Arbeitsmarktpolitik investiert hat, der ist besonders gekniffen. Es ist in Oberhausen jetzt ganz besonders schwer, die Menschen auf ihrem Weg zur\u00fcck in Arbeit wirkungsvoll zu unterst\u00fctzen.<\/p>\n<p>Wichtige arbeitsmarktpolitische Initiativen stehen damit m\u00f6glicherweise vor dem Aus oder wurden bereits eingestellt.<\/p>\n","protected":false},"excerpt":{"rendered":"<p>Zu den Mittelk\u00fcrzungen in der Grundsicherung f\u00fcr Arbeitsuchende in 2011 erkl\u00e4rt der Bundestagsabgeordnete Michael Groschek: Von der Leyen beschneidet die Lebenschancen der Menschen vor Ort. Es ist fatal, in welchem&hellip; <\/p>\n","protected":false},"author":1,"featured_media":0,"comment_status":"closed","ping_status":"closed","sticky":false,"template":"","format":"standard","meta":{"footnotes":""},"categories":[1],"tags":[],"quellen":[],"class_list":["post-882","post","type-post","status-publish","format-standard","hentry","category-allgemein"],"_links":{"self":[{"href":"https:\/\/meier-gerdingh.de\/wp-spd-ob\/wp-json\/wp\/v2\/posts\/882","targetHints":{"allow":["GET"]}}],"collection":[{"href":"https:\/\/meier-gerdingh.de\/wp-spd-ob\/wp-json\/wp\/v2\/posts"}],"about":[{"href":"https:\/\/meier-gerdingh.de\/wp-spd-ob\/wp-json\/wp\/v2\/types\/post"}],"author":[{"embeddable":true,"href":"https:\/\/meier-gerdingh.de\/wp-spd-ob\/wp-json\/wp\/v2\/users\/1"}],"replies":[{"embeddable":true,"href":"https:\/\/meier-gerdingh.de\/wp-spd-ob\/wp-json\/wp\/v2\/comments?post=882"}],"version-history":[{"count":0,"href":"https:\/\/meier-gerdingh.de\/wp-spd-ob\/wp-json\/wp\/v2\/posts\/882\/revisions"}],"wp:attachment":[{"href":"https:\/\/meier-gerdingh.de\/wp-spd-ob\/wp-json\/wp\/v2\/media?parent=882"}],"wp:term":[{"taxonomy":"category","embeddable":true,"href":"https:\/\/meier-gerdingh.de\/wp-spd-ob\/wp-json\/wp\/v2\/categories?post=882"},{"taxonomy":"post_tag","embeddable":true,"href":"https:\/\/meier-gerdingh.de\/wp-spd-ob\/wp-json\/wp\/v2\/tags?post=882"},{"taxonomy":"quellen","embeddable":true,"href":"https:\/\/meier-gerdingh.de\/wp-spd-ob\/wp-json\/wp\/v2\/quellen?post=882"}],"curies":[{"name":"wp","href":"https:\/\/api.w.org\/{rel}","templated":true}]}}